{"id":1142,"date":"2011-02-27T00:02:45","date_gmt":"2011-02-26T23:02:45","guid":{"rendered":"http:\/\/ainas.cyberhem.com\/?p=1142"},"modified":"2011-02-27T00:02:45","modified_gmt":"2011-02-26T23:02:45","slug":"karnevalen-i-peniscola-2","status":"publish","type":"post","link":"https:\/\/ainas.cyberhem.com\/index.php\/2011\/02\/27\/karnevalen-i-peniscola-2\/","title":{"rendered":"Karnevalen i Peniscola&#8230;.."},"content":{"rendered":"<p><img loading=\"lazy\" src=\"https:\/\/ainas.cyberhem.com\/wp-content\/uploads\/2011\/02\/20110226-1.jpg\" alt=\"\" title=\"20110226-1\" width=\"250\" height=\"188\" class=\"alignright size-full wp-image-1145\" srcset=\"https:\/\/ainas.cyberhem.com\/wp-content\/uploads\/2011\/02\/20110226-1.jpg 250w, https:\/\/ainas.cyberhem.com\/wp-content\/uploads\/2011\/02\/20110226-1-150x112.jpg 150w\" sizes=\"(max-width: 250px) 100vw, 250px\" \/>&#8230;.. \u00e4r kanske inte \u00e4r i klass med karnevalen i Rio men garanterat mer barnv\u00e4nlig. Varf\u00f6r det \u00e4r karneval vet jag inte men att den \u00e4r \u00e5terkommande varje \u00e5r det har jag f\u00e5tt veta men varf\u00f6r och om det firas n\u00e5got speciellt vet jag allts\u00e5 inte. Sj\u00e4lva karnevalst\u00e5get v\u00e5r l\u00e5ngt, mycket musik och spelgl\u00e4dje. Ca 1\u00bd timma h\u00f6ll karnevalst\u00e5get p\u00e5 innan alla deltagarna i t\u00e5get passerat och jag m\u00e5ste erk\u00e4nna att jag n\u00e4stan med ett barns f\u00f6rtjusning ser och lever med i gl\u00e4djen och musiken. <img loading=\"lazy\" src=\"https:\/\/ainas.cyberhem.com\/wp-content\/uploads\/2011\/02\/20110226-21.jpg\" alt=\"\" title=\"20110226-2\" width=\"250\" height=\"188\" class=\"alignright size-full wp-image-1146\" srcset=\"https:\/\/ainas.cyberhem.com\/wp-content\/uploads\/2011\/02\/20110226-21.jpg 250w, https:\/\/ainas.cyberhem.com\/wp-content\/uploads\/2011\/02\/20110226-21-150x112.jpg 150w\" sizes=\"(max-width: 250px) 100vw, 250px\" \/><br \/>\nMusik, f\u00e4rg, spektakul\u00e4ra kl\u00e4der och inte minst ballonger det \u00e4r karneval och naturligtvis m\u00e4nniskor som kantar karnevalt\u00e5gets f\u00e4rdv\u00e4g, allt detta fanns med i Peniscolas karneval.<br \/>\nVi b\u00f6rjade karnevalkv\u00e4llen med att g\u00e5 till Pensionista f\u00f6r att \u00e4ta men varken Rune eller jag var speciellt hungriga s\u00e5 det fick bli lite &#8221;plockmat&#8221; eller kanske borde man kalla det Tapas och till avslutning en kopp kaffe. Det \u00e4r fantastiskt att se dessa spanska \u00e4ldre damer och herrar som tr\u00e4ffas p\u00e5 Pensionista f\u00f6r att prata och spela n\u00e5gon typ av kortspel. I kv\u00e4ll var det tydligen damernas kv\u00e4ll f\u00f6r det var bara ett f\u00e5tal herrar med d\u00e4r men ingen deltog i kortspelet, nej de var nog bara med som eskorter f\u00f6r sina damer. P\u00e5 hemv\u00e4gen han vi med en tur in p\u00e5 Consum f\u00f6r att k\u00f6pa oss n\u00e5got onyttigt till kaffet  som jag t\u00e4nkte koka n\u00e4r vi kom hem.<\/p>\n","protected":false},"excerpt":{"rendered":"<p>&#8230;.. \u00e4r kanske inte \u00e4r i klass med karnevalen i Rio men garanterat mer barnv\u00e4nlig. Varf\u00f6r det \u00e4r karneval vet jag inte men att den \u00e4r \u00e5terkommande varje \u00e5r det har jag f\u00e5tt veta men varf\u00f6r och om det firas n\u00e5got speciellt vet jag allts\u00e5 inte. Sj\u00e4lva karnevalst\u00e5get v\u00e5r l\u00e5ngt, mycket musik och spelgl\u00e4dje. Ca [&hellip;]<\/p>\n","protected":false},"author":1,"featured_media":0,"comment_status":"open","ping_status":"open","sticky":false,"template":"","format":"standard","meta":[],"categories":[1],"tags":[],"_links":{"self":[{"href":"https:\/\/ainas.cyberhem.com\/index.php\/wp-json\/wp\/v2\/posts\/1142"}],"collection":[{"href":"https:\/\/ainas.cyberhem.com\/index.php\/wp-json\/wp\/v2\/posts"}],"about":[{"href":"https:\/\/ainas.cyberhem.com\/index.php\/wp-json\/wp\/v2\/types\/post"}],"author":[{"embeddable":true,"href":"https:\/\/ainas.cyberhem.com\/index.php\/wp-json\/wp\/v2\/users\/1"}],"replies":[{"embeddable":true,"href":"https:\/\/ainas.cyberhem.com\/index.php\/wp-json\/wp\/v2\/comments?post=1142"}],"version-history":[{"count":6,"href":"https:\/\/ainas.cyberhem.com\/index.php\/wp-json\/wp\/v2\/posts\/1142\/revisions"}],"predecessor-version":[{"id":1151,"href":"https:\/\/ainas.cyberhem.com\/index.php\/wp-json\/wp\/v2\/posts\/1142\/revisions\/1151"}],"wp:attachment":[{"href":"https:\/\/ainas.cyberhem.com\/index.php\/wp-json\/wp\/v2\/media?parent=1142"}],"wp:term":[{"taxonomy":"category","embeddable":true,"href":"https:\/\/ainas.cyberhem.com\/index.php\/wp-json\/wp\/v2\/categories?post=1142"},{"taxonomy":"post_tag","embeddable":true,"href":"https:\/\/ainas.cyberhem.com\/index.php\/wp-json\/wp\/v2\/tags?post=1142"}],"curies":[{"name":"wp","href":"https:\/\/api.w.org\/{rel}","templated":true}]}}