{"id":1194,"date":"2011-03-01T21:02:54","date_gmt":"2011-03-01T20:02:54","guid":{"rendered":"http:\/\/ainas.cyberhem.com\/?p=1194"},"modified":"2011-03-01T21:02:54","modified_gmt":"2011-03-01T20:02:54","slug":"tisdag-och-tva-dagar","status":"publish","type":"post","link":"https:\/\/ainas.cyberhem.com\/index.php\/2011\/03\/01\/tisdag-och-tva-dagar\/","title":{"rendered":"Tisdag och tv\u00e5 dagar&#8230;."},"content":{"rendered":"<p><img loading=\"lazy\" class=\"alignright size-full wp-image-1195\" title=\"Branden 27 februari 2011 002-\" src=\"https:\/\/ainas.cyberhem.com\/wp-content\/uploads\/2011\/03\/Branden-27-februari-2011-002-.jpg\" alt=\"\" width=\"250\" height=\"188\" srcset=\"https:\/\/ainas.cyberhem.com\/wp-content\/uploads\/2011\/03\/Branden-27-februari-2011-002-.jpg 250w, https:\/\/ainas.cyberhem.com\/wp-content\/uploads\/2011\/03\/Branden-27-februari-2011-002--150x112.jpg 150w\" sizes=\"(max-width: 250px) 100vw, 250px\" \/>&#8230;..efter branden och lugnet och vardagen har \u00e5ter lagt sig \u00f6ver campingen. G\u00e5rdagen var v\u00e4derm\u00e4ssigt inte n\u00e5gon av de b\u00e4ttre, bl\u00e5sig och ganska gr\u00e5, egentligen var nog mitt hum\u00f6r ganska passande till den dagens v\u00e4der, jag var helt n\u00f6jd med att bara vara den dagen, ingen marknad, inget Consum,\u00a0inget Pensionista, nej det blev en dag som vi tillbringade i stort sett inom hus. Naturligtvis gick vi f\u00f6r att titta p\u00e5 brandplatsen s\u00e5 snart vi f\u00e5tt bilen p\u00e5 plats men f\u00f6rutom det kan jag inte p\u00e5minna mig att det h\u00e4nde n\u00e5got speciellt. P\u00e5 grund av branden s\u00e5 var det ovanligt m\u00e5nga som tv\u00e4ttade sina bilar, husvagnar och tillh\u00f6rande t\u00e4lt av olika slag. Den obligatoriska campingrundan blev det p\u00e5 aftonen, kv\u00e4llen f\u00f6re n\u00e4r vi gick runt var det helt fullt p\u00e5 campingen och nu var jag nyfiken p\u00e5 om n\u00e5gon kanske dragit vidare efter det som h\u00e4nt, men vad jag kunde se s\u00e5 var det nog fortfarande lika fullt. Efter avslutad campingrunda tog vi den ut\u00f6kade versionen med idrottsplatsen och skolan f\u00f6r att f\u00e5 en \u00f6verblick av hela brandplatsen. P\u00e5 YouTube kan men se en del filmer fr\u00e5n branden. (<strong><a href=\"http:\/\/www.facebook.com\/l.php?u=http%3A%2F%2Fwww.youtube.com%2Fwatch%3Fv%3DKemis-GxzcY&amp;h=ae33a\" target=\"_blank\">Incendio Marjal de Pe\u00f1iscola<\/a>).<\/strong><\/p>\n<p><strong><img loading=\"lazy\" class=\"alignright size-full wp-image-1197\" title=\"20110301-2\" src=\"https:\/\/ainas.cyberhem.com\/wp-content\/uploads\/2011\/03\/20110301-21.jpg\" alt=\"\" width=\"250\" height=\"188\" srcset=\"https:\/\/ainas.cyberhem.com\/wp-content\/uploads\/2011\/03\/20110301-21.jpg 250w, https:\/\/ainas.cyberhem.com\/wp-content\/uploads\/2011\/03\/20110301-21-150x112.jpg 150w\" sizes=\"(max-width: 250px) 100vw, 250px\" \/><\/strong><\/p>\n<p>I dag \u00e4r allts\u00e5 allt sig likt igen h\u00e4r p\u00e5 campingen, fortfarande en aning bl\u00e5sigt men hur sk\u00f6nt som helst i solen i l\u00e4 av bilen. Tydligen ocks\u00e5 en bra dag f\u00f6r tv\u00e4ttning, skulle tro att det torkar fort i solen och vinden, sj\u00e4lv har jag som vanligt inte gjort mer \u00e4n vad som varit n\u00f6dv\u00e4ndigt, allts\u00e5 kaffe, mat och disk i \u00f6vrigt slappa i solen med ett korsord. Ja, vi har \u00e4ven gjort den obligatoriska ut\u00f6kade campingrundan, till och med den med ut\u00f6kad ut\u00f6kning. Vi kunde konstatera att nu har det kommit tr\u00e4d i groparna som varit gr\u00e4vda sedan tidigare. Himla tur att de inte var planterade f\u00f6re branden f\u00f6r det har nog inte varit n\u00e5gon hit. N\u00e4r jag ser den avbr\u00e4nda ytan s\u00e5 tycker jag mig ana att det redan skymtar gr\u00f6nt genom det svarta. P\u00e5 den andra sidan av omr\u00e5det finns det en del hus och planteringar av b\u00e5de gr\u00f6nsaker och apelsintr\u00e4d,\u00a0 jag undrar hur det g\u00e5tt med odlingarna men det m\u00e5ste i alla fall ha varit r\u00e4tt varmt i husen som man kan se d\u00e4r, p\u00e5 andra sidan just i kanten av brandomr\u00e5det.\u00a0<\/p>\n<div id=\"attachment_1198\" style=\"width: 510px\" class=\"wp-caption aligncenter\"><img aria-describedby=\"caption-attachment-1198\" loading=\"lazy\" class=\"size-full wp-image-1198 \" title=\"20110301-1\" src=\"https:\/\/ainas.cyberhem.com\/wp-content\/uploads\/2011\/03\/20110301-1.jpg\" alt=\"\" width=\"500\" height=\"375\" srcset=\"https:\/\/ainas.cyberhem.com\/wp-content\/uploads\/2011\/03\/20110301-1.jpg 500w, https:\/\/ainas.cyberhem.com\/wp-content\/uploads\/2011\/03\/20110301-1-150x112.jpg 150w, https:\/\/ainas.cyberhem.com\/wp-content\/uploads\/2011\/03\/20110301-1-300x225.jpg 300w\" sizes=\"(max-width: 500px) 100vw, 500px\" \/><p id=\"caption-attachment-1198\" class=\"wp-caption-text\">Skulle tro att det blev varmt, men visst anar man gr\u00f6nt i det svarta<\/p><\/div>\n","protected":false},"excerpt":{"rendered":"<p>&#8230;..efter branden och lugnet och vardagen har \u00e5ter lagt sig \u00f6ver campingen. G\u00e5rdagen var v\u00e4derm\u00e4ssigt inte n\u00e5gon av de b\u00e4ttre, bl\u00e5sig och ganska gr\u00e5, egentligen var nog mitt hum\u00f6r ganska passande till den dagens v\u00e4der, jag var helt n\u00f6jd med att bara vara den dagen, ingen marknad, inget Consum,\u00a0inget Pensionista, nej det blev en dag [&hellip;]<\/p>\n","protected":false},"author":1,"featured_media":0,"comment_status":"open","ping_status":"open","sticky":false,"template":"","format":"standard","meta":[],"categories":[1],"tags":[],"_links":{"self":[{"href":"https:\/\/ainas.cyberhem.com\/index.php\/wp-json\/wp\/v2\/posts\/1194"}],"collection":[{"href":"https:\/\/ainas.cyberhem.com\/index.php\/wp-json\/wp\/v2\/posts"}],"about":[{"href":"https:\/\/ainas.cyberhem.com\/index.php\/wp-json\/wp\/v2\/types\/post"}],"author":[{"embeddable":true,"href":"https:\/\/ainas.cyberhem.com\/index.php\/wp-json\/wp\/v2\/users\/1"}],"replies":[{"embeddable":true,"href":"https:\/\/ainas.cyberhem.com\/index.php\/wp-json\/wp\/v2\/comments?post=1194"}],"version-history":[{"count":2,"href":"https:\/\/ainas.cyberhem.com\/index.php\/wp-json\/wp\/v2\/posts\/1194\/revisions"}],"predecessor-version":[{"id":1200,"href":"https:\/\/ainas.cyberhem.com\/index.php\/wp-json\/wp\/v2\/posts\/1194\/revisions\/1200"}],"wp:attachment":[{"href":"https:\/\/ainas.cyberhem.com\/index.php\/wp-json\/wp\/v2\/media?parent=1194"}],"wp:term":[{"taxonomy":"category","embeddable":true,"href":"https:\/\/ainas.cyberhem.com\/index.php\/wp-json\/wp\/v2\/categories?post=1194"},{"taxonomy":"post_tag","embeddable":true,"href":"https:\/\/ainas.cyberhem.com\/index.php\/wp-json\/wp\/v2\/tags?post=1194"}],"curies":[{"name":"wp","href":"https:\/\/api.w.org\/{rel}","templated":true}]}}