{"id":1241,"date":"2011-03-06T21:21:06","date_gmt":"2011-03-06T20:21:06","guid":{"rendered":"http:\/\/ainas.cyberhem.com\/?p=1241"},"modified":"2011-03-14T07:30:10","modified_gmt":"2011-03-14T06:30:10","slug":"vaknade-till-en-helt-underbar","status":"publish","type":"post","link":"https:\/\/ainas.cyberhem.com\/index.php\/2011\/03\/06\/vaknade-till-en-helt-underbar\/","title":{"rendered":"Vaknade till en helt underbar\u2026"},"content":{"rendered":"<div id=\"attachment_1242\" style=\"width: 260px\" class=\"wp-caption alignright\"><img aria-describedby=\"caption-attachment-1242\" loading=\"lazy\" class=\"size-full wp-image-1242\" title=\"20110306-2\" src=\"https:\/\/ainas.cyberhem.com\/wp-content\/uploads\/2011\/03\/20110306-2.jpg\" alt=\"\" width=\"250\" height=\"188\" srcset=\"https:\/\/ainas.cyberhem.com\/wp-content\/uploads\/2011\/03\/20110306-2.jpg 250w, https:\/\/ainas.cyberhem.com\/wp-content\/uploads\/2011\/03\/20110306-2-150x112.jpg 150w\" sizes=\"(max-width: 250px) 100vw, 250px\" \/><p id=\"caption-attachment-1242\" class=\"wp-caption-text\">S\u00f6ndags\u00f6ppet i gamla stan<\/p><\/div>\n<p>\u2026..s\u00f6ndagsmorgon, absolut klarbl\u00e5 och molnfri himmel. I dag blir det uteliv det kan jag lova.\u00a0 Rune startade som vanligt upp webbradion och i dag denna \u201dsommardag\u201d lyssnar vi p\u00e5 direkts\u00e4nd sport, Wasaloppet, 5-milen och skidskytte, alla dessa sporter p\u00e5 sn\u00f6 i varierande kyla, lite sv\u00e5rt att t\u00e4nka sig n\u00e4r man sitter h\u00e4r i linne och shorts. Men efter lunch och m\u00e5lg\u00e5ng, wasaloppet allts\u00e5, gick vi ut p\u00e5 promenad, m\u00e5ste erk\u00e4nna att jag inte hade talat om f\u00f6r Rune att jag planerat en ordentlig promenad men tack och lov s\u00e5 \u00e4r han inte sv\u00e5r att f\u00e5 med p\u00e5 dessa mina turer. Vi b\u00f6rjade med en barfotapromenad i vattenbrynet f\u00f6r att forts\u00e4tta med en kl\u00e4ttring runt p\u00e5 gatorna i gamla stan och upp mot borgen. Jag har aldrig tidigare sett s\u00e5 mycket folk ute p\u00e5 gatorna, annat \u00e4n n\u00e4r det varit n\u00e5gon form av jippo. Nu verkade det som Peniscola-borna ocks\u00e5 tyckte att det nu var v\u00e4der f\u00f6r promenerande. Redan i g\u00e5r kv\u00e4ll noterade vi att det var ett flertal restaurangen som \u00f6ppnat och i dag i gamla stan var ocks\u00e5 ett stort antal tidigare st\u00e4ngda butiker \u00f6ppna. En runda in p\u00e5 marinmuseet han vi ocks\u00e5 med denna g\u00e5ng, det var andra f\u00f6rs\u00f6ket men f\u00f6rra g\u00e5ngen kom vi strax f\u00f6re tv\u00e5 och se det gick inte f\u00f6r kl tv\u00e5 d\u00e5 \u00e4r det minsann<\/p>\n<div id=\"attachment_1243\" style=\"width: 260px\" class=\"wp-caption alignright\"><img aria-describedby=\"caption-attachment-1243\" loading=\"lazy\" class=\"size-full wp-image-1243\" title=\"20110306-3\" src=\"https:\/\/ainas.cyberhem.com\/wp-content\/uploads\/2011\/03\/20110306-3.jpg\" alt=\"\" width=\"250\" height=\"188\" srcset=\"https:\/\/ainas.cyberhem.com\/wp-content\/uploads\/2011\/03\/20110306-3.jpg 250w, https:\/\/ainas.cyberhem.com\/wp-content\/uploads\/2011\/03\/20110306-3-150x112.jpg 150w\" sizes=\"(max-width: 250px) 100vw, 250px\" \/><p id=\"caption-attachment-1243\" class=\"wp-caption-text\">Han hade vi aldrig m\u00f6tt tidigare....<\/p><\/div>\n<p>siesta, s\u00e5 \u00e4ven p\u00e5 museet. Fiskehamnen fick ocks\u00e5 en kort visit, n\u00e4r vi passerade \u00f6ver kanalen som g\u00e5r d\u00e4r nere och h\u00e4rb\u00e4rgerar ett stort antal fiskar s\u00e5 tror jag minsann att \u00e4ven dessa hade f\u00e5tt n\u00e5gon form av \u201dv\u00e5rfnatt\u201d, n\u00e4r vi st\u00e5r d\u00e4r och som vanligt tittar p\u00e5 dessa s\u00e5 b\u00f6rjar de hoppa, och d\u00e5 menar jag verkligen hoppa. Vissa av dessa r\u00e4tt stora fiskar gjorde spr\u00e5ng p\u00e5 flera meter och var garanterat mellan en halv och en meter \u00f6ver vattenytan, naturligtvis hade jag inte med mig videokameran. Den ska jag ta med n\u00e4sta g\u00e5ng men d\u00e5 har v\u00e4l fiskarna \u00e5terg\u00e5tt till att simma lugnt.<\/p>\n<p>P\u00e5 Pensionista som, av naturliga sj\u00e4l, var n\u00e4sta anhalt var det i princip fullt, men inte av oss, s.k. gr\u00e5skallar, nej det var av ortsbefolkningen, s\u00e5 det verkar som Pensionista \u00e4r \u201dv\u00e5rt\u201d p\u00e5 veckorna men helger d\u00e5 \u00e4r det stadsbornas, en r\u00e4ttvis f\u00f6rdelning tycker jag. Vi tog d\u00e4refter en tur till g\u00e5ngbron genom tr\u00e4sket f\u00f6r att se om den fortfarande var avst\u00e4ngd, det var den, synd. Jag har ju b\u00e5de uttryckt min uppskattning \u00f6ver str\u00e4ckningen och brons arkitektur s\u00e5 nog kunde den f\u00e5 vara \u00f6ppen, men det \u00e4r klart jag tillh\u00f6r ju inte de prominenta h\u00e4r i Peniscola, nej jag \u00e4r nog bara prominent i Svarttj\u00e4rn 135, och det bara om inte katten \u00e4r inne.<\/p>\n<p>Tillbaka hemma igen vid 3-tiden hann vi med ytterligare n\u00e5gon timma i solen innan det var tid f\u00f6r mat och d\u00e4refter den obligatoriska rundan h\u00e4r p\u00e5 campingen. Nu b\u00f6rjar det vara r\u00e4tt m\u00e5nga svenska bilar, skulle tro mellan 20 och 25 ekipage, sj\u00e4lva campingen \u00e4r nog fullbelagd.<\/p>\n<div id=\"attachment_1244\" style=\"width: 510px\" class=\"wp-caption aligncenter\"><img aria-describedby=\"caption-attachment-1244\" loading=\"lazy\" class=\"size-full wp-image-1244\" title=\"20110306-5\" src=\"https:\/\/ainas.cyberhem.com\/wp-content\/uploads\/2011\/03\/20110306-5.jpg\" alt=\"\" width=\"500\" height=\"375\" srcset=\"https:\/\/ainas.cyberhem.com\/wp-content\/uploads\/2011\/03\/20110306-5.jpg 500w, https:\/\/ainas.cyberhem.com\/wp-content\/uploads\/2011\/03\/20110306-5-150x112.jpg 150w, https:\/\/ainas.cyberhem.com\/wp-content\/uploads\/2011\/03\/20110306-5-300x225.jpg 300w\" sizes=\"(max-width: 500px) 100vw, 500px\" \/><p id=\"caption-attachment-1244\" class=\"wp-caption-text\">Visst ger det en f\u00f6raning om sommaren.<\/p><\/div>\n","protected":false},"excerpt":{"rendered":"<p>\u2026..s\u00f6ndagsmorgon, absolut klarbl\u00e5 och molnfri himmel. I dag blir det uteliv det kan jag lova.\u00a0 Rune startade som vanligt upp webbradion och i dag denna \u201dsommardag\u201d lyssnar vi p\u00e5 direkts\u00e4nd sport, Wasaloppet, 5-milen och skidskytte, alla dessa sporter p\u00e5 sn\u00f6 i varierande kyla, lite sv\u00e5rt att t\u00e4nka sig n\u00e4r man sitter h\u00e4r i linne och [&hellip;]<\/p>\n","protected":false},"author":1,"featured_media":0,"comment_status":"open","ping_status":"open","sticky":false,"template":"","format":"standard","meta":[],"categories":[1],"tags":[],"_links":{"self":[{"href":"https:\/\/ainas.cyberhem.com\/index.php\/wp-json\/wp\/v2\/posts\/1241"}],"collection":[{"href":"https:\/\/ainas.cyberhem.com\/index.php\/wp-json\/wp\/v2\/posts"}],"about":[{"href":"https:\/\/ainas.cyberhem.com\/index.php\/wp-json\/wp\/v2\/types\/post"}],"author":[{"embeddable":true,"href":"https:\/\/ainas.cyberhem.com\/index.php\/wp-json\/wp\/v2\/users\/1"}],"replies":[{"embeddable":true,"href":"https:\/\/ainas.cyberhem.com\/index.php\/wp-json\/wp\/v2\/comments?post=1241"}],"version-history":[{"count":4,"href":"https:\/\/ainas.cyberhem.com\/index.php\/wp-json\/wp\/v2\/posts\/1241\/revisions"}],"predecessor-version":[{"id":1306,"href":"https:\/\/ainas.cyberhem.com\/index.php\/wp-json\/wp\/v2\/posts\/1241\/revisions\/1306"}],"wp:attachment":[{"href":"https:\/\/ainas.cyberhem.com\/index.php\/wp-json\/wp\/v2\/media?parent=1241"}],"wp:term":[{"taxonomy":"category","embeddable":true,"href":"https:\/\/ainas.cyberhem.com\/index.php\/wp-json\/wp\/v2\/categories?post=1241"},{"taxonomy":"post_tag","embeddable":true,"href":"https:\/\/ainas.cyberhem.com\/index.php\/wp-json\/wp\/v2\/tags?post=1241"}],"curies":[{"name":"wp","href":"https:\/\/api.w.org\/{rel}","templated":true}]}}