{"id":1438,"date":"2011-03-31T21:01:14","date_gmt":"2011-03-31T20:01:14","guid":{"rendered":"http:\/\/ainas.cyberhem.com\/?p=1438"},"modified":"2011-03-31T21:01:14","modified_gmt":"2011-03-31T20:01:14","slug":"det-blev-inget","status":"publish","type":"post","link":"https:\/\/ainas.cyberhem.com\/index.php\/2011\/03\/31\/det-blev-inget\/","title":{"rendered":"Det blev inget"},"content":{"rendered":"<p>\u2026.bad i dag heller trots att jag faktiskt hade baddr\u00e4kten p\u00e5 mig n\u00e4r vi gick p\u00e5 promenad efter stranden. Anledningen till att det inte<img loading=\"lazy\" class=\"alignright size-full wp-image-1439\" title=\"20110331-2\" src=\"https:\/\/ainas.cyberhem.com\/wp-content\/uploads\/2011\/03\/20110331-2.jpg\" alt=\"\" width=\"250\" height=\"188\" \/> blev bad \u00e4r dels att vi gick \u00e5t fel h\u00e5ll, mot Benicarlo och dels hade jag inte \u201dbasstationen\u201d i n\u00e4rheten. Jag vill nog helst att vi har husbilen i n\u00e4rheten f\u00f6r det \u00e4r v\u00e4l inte riktigt s\u00e5 varmt i vattnet att man vill g\u00e5 l\u00e4nge i bl\u00f6t baddr\u00e4kt \u00e4ven om det \u00e4r varmt i solen. Nu gick vi allts\u00e5 i princip \u00e4nda till Benicarlo d\u00e4r vi tog en paus p\u00e5 en mindre restaurang innan vi \u00e5terv\u00e4nde efter stranden och traskade iv\u00e4g hem\u00e5t. Det \u00e4r fantastiskt s\u00e5 underbart lat man kan vara, jag g\u00f6r i princip inte ett dugg annat \u00e4n\u2026ingenting. De sm\u00e5 m\u00e5sten som man utf\u00f6r \u00e4r en del matlagning, diskning som vi i princip strider om att f\u00e5 g\u00f6ra, Rune och jag, i veckan har Rune avg\u00e5tt med seger i stort sett hela veckan, och st\u00e4dningen \u00e4r v\u00e4l inte ens v\u00e4rd n\u00e4mnas. Lite tv\u00e4tt f\u00f6rekommer men \u00e4ven det kan vara socialt trevligt vid tv\u00e4ttbaljorna. Det \u00e4r allts\u00e5 de dagar jag utf\u00f6r \u201darbete\u201d sen har vi de verkligt lata dagarna d\u00e4r maten intas p\u00e5 n\u00e5gon restaurang och slappa i solen med ett korsord och d\u00e4r korta inslag av tr\u00e4ffar med en trevlig kille, n\u00e4mligen John Blund, \u00e4r vad som i \u00f6vrigt g\u00e4ller den dagen. Utflykter med husbilen till stormarknaderna kan jag inte heller kalla s\u00e4rskilt betungande. Ja att vara<img loading=\"lazy\" class=\"alignright size-full wp-image-1440\" title=\"20110331-1\" src=\"https:\/\/ainas.cyberhem.com\/wp-content\/uploads\/2011\/03\/20110331-1.jpg\" alt=\"\" width=\"250\" height=\"188\" \/> pension\u00e4r under s\u00e5dana h\u00e4r f\u00f6rh\u00e5llanden \u00e4r inte direkt avskr\u00e4ckande, jag kan v\u00e4l inte p\u00e5st\u00e5 att jag \u00e5ngrade att jag fortsatte jobba efter att jag fyllt 65 \u00e5r, men om jag har vetat d\u00e5 vad jag vet i dag s\u00e5 har valet varit enkelt, och jag antar att ni f\u00f6rst\u00e5r vilket valet blivit.<\/p>\n<p>I \u00f6vrigt p\u00e5 campingen kan vi bara konstatera p\u00e5 v\u00e5r obligatoriska runda att det ligger en k\u00e4nsla av uppbrott, m\u00e5nga packar och \u00e4r tydligen p\u00e5 v\u00e4g att \u00e5ka nu i m\u00e5nadsskiftet. \u00a0Och som jag sagt tidigare s\u00e5 \u00e4r m\u00e5nga fr\u00e5n norra delarna av Europa och d\u00e4r \u00e4r det troligen v\u00e5r eller kanske till och med vad vi skulle kalla f\u00f6rsommar, men det \u00e4r det inte i norra Sverige s\u00e5 vi blir kvar ett tag till.<\/p>\n<div id=\"attachment_1441\" style=\"width: 510px\" class=\"wp-caption alignleft\"><img aria-describedby=\"caption-attachment-1441\" loading=\"lazy\" class=\"size-full wp-image-1441\" title=\"20110331-3\" src=\"https:\/\/ainas.cyberhem.com\/wp-content\/uploads\/2011\/03\/20110331-3.jpg\" alt=\"\" width=\"500\" height=\"375\" \/><p id=\"caption-attachment-1441\" class=\"wp-caption-text\">Inget blommigt hotell...men v\u00e4l blommor p\u00e5 hotellet<\/p><\/div>\n","protected":false},"excerpt":{"rendered":"<p>\u2026.bad i dag heller trots att jag faktiskt hade baddr\u00e4kten p\u00e5 mig n\u00e4r vi gick p\u00e5 promenad efter stranden. Anledningen till att det inte blev bad \u00e4r dels att vi gick \u00e5t fel h\u00e5ll, mot Benicarlo och dels hade jag inte \u201dbasstationen\u201d i n\u00e4rheten. Jag vill nog helst att vi har husbilen i n\u00e4rheten f\u00f6r [&hellip;]<\/p>\n","protected":false},"author":1,"featured_media":0,"comment_status":"open","ping_status":"open","sticky":false,"template":"","format":"standard","meta":[],"categories":[1],"tags":[],"_links":{"self":[{"href":"https:\/\/ainas.cyberhem.com\/index.php\/wp-json\/wp\/v2\/posts\/1438"}],"collection":[{"href":"https:\/\/ainas.cyberhem.com\/index.php\/wp-json\/wp\/v2\/posts"}],"about":[{"href":"https:\/\/ainas.cyberhem.com\/index.php\/wp-json\/wp\/v2\/types\/post"}],"author":[{"embeddable":true,"href":"https:\/\/ainas.cyberhem.com\/index.php\/wp-json\/wp\/v2\/users\/1"}],"replies":[{"embeddable":true,"href":"https:\/\/ainas.cyberhem.com\/index.php\/wp-json\/wp\/v2\/comments?post=1438"}],"version-history":[{"count":2,"href":"https:\/\/ainas.cyberhem.com\/index.php\/wp-json\/wp\/v2\/posts\/1438\/revisions"}],"predecessor-version":[{"id":1443,"href":"https:\/\/ainas.cyberhem.com\/index.php\/wp-json\/wp\/v2\/posts\/1438\/revisions\/1443"}],"wp:attachment":[{"href":"https:\/\/ainas.cyberhem.com\/index.php\/wp-json\/wp\/v2\/media?parent=1438"}],"wp:term":[{"taxonomy":"category","embeddable":true,"href":"https:\/\/ainas.cyberhem.com\/index.php\/wp-json\/wp\/v2\/categories?post=1438"},{"taxonomy":"post_tag","embeddable":true,"href":"https:\/\/ainas.cyberhem.com\/index.php\/wp-json\/wp\/v2\/tags?post=1438"}],"curies":[{"name":"wp","href":"https:\/\/api.w.org\/{rel}","templated":true}]}}