{"id":1520,"date":"2011-04-12T20:38:52","date_gmt":"2011-04-12T19:38:52","guid":{"rendered":"http:\/\/ainas.cyberhem.com\/?p=1520"},"modified":"2011-04-12T20:38:52","modified_gmt":"2011-04-12T19:38:52","slug":"nu-ar-det-klippt-2","status":"publish","type":"post","link":"https:\/\/ainas.cyberhem.com\/index.php\/2011\/04\/12\/nu-ar-det-klippt-2\/","title":{"rendered":"Nu \u00e4r det klippt.."},"content":{"rendered":"<p>\u00a0<\/p>\n<p>&#8230;b\u00e5de f\u00f6r Rune och mig, bes\u00f6k hos frissan allts\u00e5. Jag hade en bokad tid klockan tre i dag men Rune hoppades p\u00e5 s\u00e5 kallad \u201ddrop in\u201d. Han skulle m\u00f6ta upp hos frissan vid halvfem tiden och han hoppades p\u00e5 tur, om inte r\u00e4knade han att han skulle f\u00e5 en tid antingen i morgon eller p\u00e5 torsdag. Nu ficka han komma f\u00f6r redan efter tjugo minuter i dag, och eftersom frissan finns i samma hus som Pensionista han det bli kaffe under v\u00e4ntetiden. Efter friseringen av Rune blev det en snabbis f\u00f6rbi Consum\u00a0f\u00f6r lite proviantering och sedan bron genom tr\u00e4sket hem.<\/p>\n<p>S\u00e5 har allts\u00e5 v\u00e5r eftermiddag sett ut men dagen b\u00f6rjade som vanligt med en dusch och d\u00e4refter sk\u00f6ljde jag upp det jag lade i bl\u00f6t i g\u00e5r kv\u00e4ll, inga m\u00e4ngder s\u00e5 det var klart redan vi niotiden. Gissa vad vi gjorde d\u00e4refter, just det, efter frukost blev det som vanligt solstolen, korsord och slappa i solen. Eftersom det var frissan p\u00e5 eftermiddagen blev det ett tidigt bad, redan vid elvatiden var vi p\u00e5 v\u00e4g till havet. Det \u00e4r underligt vad fort man blir van att inte ha n\u00e5got bokat och vad \u201dstressad och l\u00e5st\u201d man blir n\u00e4r man har en tid att passa.<\/p>\n<p>H\u00e4r p\u00e5 campingen b\u00f6rjar det verkligen vara gr\u00f6nt i tr\u00e4den, jag kan f\u00f6rst\u00e5 att det blir som ett gr\u00f6nt tak \u00f6ver m\u00e5nga av tomterna och det m\u00e5ste ge en behaglig och troligen ocks\u00e5 beh\u00f6vlig skugga under sommaren. Vad jag aldrig har ber\u00e4ttat om \u00e4r alla f\u00e5glar vi har eftersom det under vinterm\u00e5naderna mest har varit f\u00e5glar av typ gr\u00e5sparvar.\u00a0Nu \u00e4r inte alla gr\u00e5sparvar, och\u00a0visst ser jag att det \u00e4r skillnad p\u00e5 dessa men vem som \u00e4r vad har jag ingen aning om, d\u00e4remot har vi \u00e4ven koltrastar och de k\u00e4nner jag igen. Nu har det sedan en tid kommit ett nytt inslag i f\u00e5gellivet h\u00e4r n\u00e4mligen steglits. F\u00f6rsta g\u00e5ngen jag s\u00e5g en steglits var faktiskt f\u00f6r flera \u00e5r sedan uppe i Skellefte\u00e5, och jag lovar att d\u00e4r \u00e4r den inte vanlig, jag trodde d\u00e5 att det var en f\u00f6rrymd burf\u00e5gel. Jag har efter det sett n\u00e5got enstaka exemplar i s\u00f6dra delen av Sverige men h\u00e4r p\u00e5 campingen \u00e4r det r\u00e4tt gott om denna vackra f\u00e5gel. Den \u00e4r inte bara vacker den sjunger ocks\u00e5 mjukt och vackert, men tyv\u00e4rr \u00e4r den inte s\u00e5 l\u00e4tt att fota eftersom den inte tillh\u00f6r de st\u00f6rre f\u00e5glarna och dessutom f\u00f6rsvinner den bland l\u00f6ven.<\/p>\n<p>Campingrundan i kv\u00e4ll visade p\u00e5 ganska m\u00e5nga tomma platser men ocks\u00e5 p\u00e5 nykomna svenska bilar som stannar till ett par dagar innan de forts\u00e4tter resan hem\u00e5t. Kan v\u00e4l ocks\u00e5 s\u00e4ga att fredag verkar vara en dag d\u00e5 m\u00e5nga bryter upp, inte bara vi och en del andra svenska bilar utan \u00e4ven en del av v\u00e5ra finska grannar.<\/p>\n<div id=\"attachment_1521\" style=\"width: 510px\" class=\"wp-caption aligncenter\"><img aria-describedby=\"caption-attachment-1521\" loading=\"lazy\" class=\"size-full wp-image-1521\" title=\"20110412-1\" src=\"https:\/\/ainas.cyberhem.com\/wp-content\/uploads\/2011\/04\/20110412-1.jpg\" alt=\"\" width=\"500\" height=\"375\" \/><p id=\"caption-attachment-1521\" class=\"wp-caption-text\">S\u00e5 h\u00e4r ser tr\u00e4den p\u00e5 campingen ut nu.....kan t\u00e4nka mig att det blir t\u00e4tt under sommaren<\/p><\/div>\n","protected":false},"excerpt":{"rendered":"<p>\u00a0 &#8230;b\u00e5de f\u00f6r Rune och mig, bes\u00f6k hos frissan allts\u00e5. Jag hade en bokad tid klockan tre i dag men Rune hoppades p\u00e5 s\u00e5 kallad \u201ddrop in\u201d. Han skulle m\u00f6ta upp hos frissan vid halvfem tiden och han hoppades p\u00e5 tur, om inte r\u00e4knade han att han skulle f\u00e5 en tid antingen i morgon eller [&hellip;]<\/p>\n","protected":false},"author":1,"featured_media":0,"comment_status":"open","ping_status":"open","sticky":false,"template":"","format":"standard","meta":[],"categories":[1],"tags":[],"_links":{"self":[{"href":"https:\/\/ainas.cyberhem.com\/index.php\/wp-json\/wp\/v2\/posts\/1520"}],"collection":[{"href":"https:\/\/ainas.cyberhem.com\/index.php\/wp-json\/wp\/v2\/posts"}],"about":[{"href":"https:\/\/ainas.cyberhem.com\/index.php\/wp-json\/wp\/v2\/types\/post"}],"author":[{"embeddable":true,"href":"https:\/\/ainas.cyberhem.com\/index.php\/wp-json\/wp\/v2\/users\/1"}],"replies":[{"embeddable":true,"href":"https:\/\/ainas.cyberhem.com\/index.php\/wp-json\/wp\/v2\/comments?post=1520"}],"version-history":[{"count":2,"href":"https:\/\/ainas.cyberhem.com\/index.php\/wp-json\/wp\/v2\/posts\/1520\/revisions"}],"predecessor-version":[{"id":1523,"href":"https:\/\/ainas.cyberhem.com\/index.php\/wp-json\/wp\/v2\/posts\/1520\/revisions\/1523"}],"wp:attachment":[{"href":"https:\/\/ainas.cyberhem.com\/index.php\/wp-json\/wp\/v2\/media?parent=1520"}],"wp:term":[{"taxonomy":"category","embeddable":true,"href":"https:\/\/ainas.cyberhem.com\/index.php\/wp-json\/wp\/v2\/categories?post=1520"},{"taxonomy":"post_tag","embeddable":true,"href":"https:\/\/ainas.cyberhem.com\/index.php\/wp-json\/wp\/v2\/tags?post=1520"}],"curies":[{"name":"wp","href":"https:\/\/api.w.org\/{rel}","templated":true}]}}