{"id":1788,"date":"2011-10-20T21:17:53","date_gmt":"2011-10-20T20:17:53","guid":{"rendered":"http:\/\/ainas.cyberhem.com\/?p=1788"},"modified":"2011-10-20T21:17:53","modified_gmt":"2011-10-20T20:17:53","slug":"nu-ar-jag","status":"publish","type":"post","link":"https:\/\/ainas.cyberhem.com\/index.php\/2011\/10\/20\/nu-ar-jag\/","title":{"rendered":"Nu \u00e4r jag.."},"content":{"rendered":"<p>&nbsp;<\/p>\n<div id=\"attachment_1789\" style=\"width: 260px\" class=\"wp-caption alignright\"><img aria-describedby=\"caption-attachment-1789\" loading=\"lazy\" class=\"size-full wp-image-1789\" title=\"20111020-2\" src=\"https:\/\/ainas.cyberhem.com\/wp-content\/uploads\/2011\/10\/20111020-2.jpg\" alt=\"\" width=\"250\" height=\"188\" \/><p id=\"caption-attachment-1789\" class=\"wp-caption-text\">Gamla stan innan f\u00f6r muren sett fr\u00e5n fiskehamnen<\/p><\/div>\n<p>\u2026tillbaks p\u00e5 banan igen. Jag har varit ute i \u201dkylan\u201d ett par dagar men nu \u00e4r det ordnat. Den h\u00e4r veckan har varit lite mer som f\u00f6rra g\u00e5ngen vi var h\u00e4r. V\u00e4derm\u00e4ssigt \u00e4r det naturligtvis betydligt varmare men veckan b\u00f6rjade som sig b\u00f6r med marknadsbes\u00f6k och ett bes\u00f6k p\u00e5 Pensionista d\u00e4r vi \u00e5t lunch. Eftersom min t\u00e5 b\u00e5de till utseende och k\u00e4nsla b\u00f6rjar likna en normal lillt\u00e5 s\u00e5 blev det \u00e4ven en promenad ner till fiskehamnen och upp i gamla stan innan vi v\u00e4nde hem\u00e5t f\u00f6r det numera obligatoriska boule-spelet. Vi brukar spela kl fyra men p\u00e5 m\u00e5ndag var alla tre banorna upptagna, inte roligt alls. Det blev att trava iv\u00e4g ner p\u00e5 cykelv\u00e4gen bakom campingen och de jordytor som finns d\u00e4r. Att kalla det f\u00f6r boulebanor det \u00e4r verkligen att ta i, cykelv\u00e4gen har r\u00e4tt grovt grus med en del r\u00e4tt ordentliga stenar, och jordytorna var v\u00e4ldigt oj\u00e4mna med sp\u00e5r av b\u00e5de cykeld\u00e4ck och andra oj\u00e4mnheter dessutom en del gr\u00e4s, blommor och blader f\u00f6r att inte tala om bundbajs, illa, illa. Resten av veckan har vi startat en timma tidigare men f\u00f6r att vara s\u00e4ker s\u00e5 b\u00f6rjar vi \u201d\u00f6va\u201d redan halv tre f\u00f6r att p\u00e5 s\u00e5 s\u00e4tt bevaka banorna. Tisdag blev det Lidl p\u00e5 cykel och onsdag \u00e5terigen en tur till stan, denna g\u00e5ng tillsammans med Yvonne och Gunnar. F\u00f6rsta stoppet gjordes p\u00e5 kinaaff\u00e4ren men inga st\u00f6rre ink\u00f6p gjordes, tv\u00e5 batterier till mina armbandsur till ett pris av 1 euro!!! och en f\u00f6rpackning tuschpennor f\u00f6r att m\u00e4rka boulekloten med. Vi gick vidare till Pensionista men till v\u00e5r f\u00f6rv\u00e5ning var det st\u00e4ngt, undrar varf\u00f6r, vad jag minns var det inte st\u00e4ngt p\u00e5 onsdagar, men nu \u00e4r jag \u00e4r inte riktigt s\u00e4ker p\u00e5 om vi varit dit en onsdag tidigare. Det blev att i sakta mak dra sig hem\u00f6ver f\u00f6r eftermiddagens boulespel, vi han i alla fall slinka in p\u00e5 en pizzeria f\u00f6r en macka modell st\u00f6rre och en \u00f6l, det fick bli dagens lunch. I dag, torsdag, har det inte h\u00e4nt speciellt mycket, lite tv\u00e4ttning, boulespel och den ut\u00f6kade campingrundan, alltst\u00e5 campingens insida med alla \u201dgatorna\u201d och dessutom runt campingen, fotbollsplan och skolan. Vi har naturligtvis gjort campingrundan \u00e4ven de tidigare kv\u00e4llarna, eller \u00e5tminstone delar av den. I dag under boulen kom det fyra svenska bilar, en av dessa var Berith och Anders, nu blir de inte kvar utan kommer att dra vidare s\u00f6der ut, troligen redan i morgon, tr\u00e5kigt. F\u00f6r v\u00e5r del b\u00f6rjar det dra ihop sig till flyttning till platsen bredvid, troligen kommer det att ske under m\u00e5ndagen, p\u00e5 den plats vi l\u00e4mnar kommer det att st\u00e5 ett annat svenskt par som kom i dag och som tillf\u00e4lligt f\u00e5tt en plats men den \u00e4r egentligen f\u00f6r liten f\u00f6r den bil de har.<\/p>\n<div id=\"attachment_1790\" style=\"width: 510px\" class=\"wp-caption aligncenter\"><img aria-describedby=\"caption-attachment-1790\" loading=\"lazy\" class=\"size-full wp-image-1790\" title=\"20111020-1\" src=\"https:\/\/ainas.cyberhem.com\/wp-content\/uploads\/2011\/10\/20111020-1.jpg\" alt=\"\" width=\"500\" height=\"375\" \/><p id=\"caption-attachment-1790\" class=\"wp-caption-text\">Strandkonst,,, skulpturer i sand,,,imponerande minst sagt.<\/p><\/div>\n","protected":false},"excerpt":{"rendered":"<p>&nbsp; \u2026tillbaks p\u00e5 banan igen. Jag har varit ute i \u201dkylan\u201d ett par dagar men nu \u00e4r det ordnat. Den h\u00e4r veckan har varit lite mer som f\u00f6rra g\u00e5ngen vi var h\u00e4r. V\u00e4derm\u00e4ssigt \u00e4r det naturligtvis betydligt varmare men veckan b\u00f6rjade som sig b\u00f6r med marknadsbes\u00f6k och ett bes\u00f6k p\u00e5 Pensionista d\u00e4r vi \u00e5t lunch. [&hellip;]<\/p>\n","protected":false},"author":1,"featured_media":0,"comment_status":"open","ping_status":"open","sticky":false,"template":"","format":"standard","meta":[],"categories":[1],"tags":[],"_links":{"self":[{"href":"https:\/\/ainas.cyberhem.com\/index.php\/wp-json\/wp\/v2\/posts\/1788"}],"collection":[{"href":"https:\/\/ainas.cyberhem.com\/index.php\/wp-json\/wp\/v2\/posts"}],"about":[{"href":"https:\/\/ainas.cyberhem.com\/index.php\/wp-json\/wp\/v2\/types\/post"}],"author":[{"embeddable":true,"href":"https:\/\/ainas.cyberhem.com\/index.php\/wp-json\/wp\/v2\/users\/1"}],"replies":[{"embeddable":true,"href":"https:\/\/ainas.cyberhem.com\/index.php\/wp-json\/wp\/v2\/comments?post=1788"}],"version-history":[{"count":3,"href":"https:\/\/ainas.cyberhem.com\/index.php\/wp-json\/wp\/v2\/posts\/1788\/revisions"}],"predecessor-version":[{"id":1793,"href":"https:\/\/ainas.cyberhem.com\/index.php\/wp-json\/wp\/v2\/posts\/1788\/revisions\/1793"}],"wp:attachment":[{"href":"https:\/\/ainas.cyberhem.com\/index.php\/wp-json\/wp\/v2\/media?parent=1788"}],"wp:term":[{"taxonomy":"category","embeddable":true,"href":"https:\/\/ainas.cyberhem.com\/index.php\/wp-json\/wp\/v2\/categories?post=1788"},{"taxonomy":"post_tag","embeddable":true,"href":"https:\/\/ainas.cyberhem.com\/index.php\/wp-json\/wp\/v2\/tags?post=1788"}],"curies":[{"name":"wp","href":"https:\/\/api.w.org\/{rel}","templated":true}]}}