{"id":1921,"date":"2011-12-04T09:13:38","date_gmt":"2011-12-04T08:13:38","guid":{"rendered":"http:\/\/ainas.cyberhem.com\/?p=1921"},"modified":"2011-12-04T09:13:38","modified_gmt":"2011-12-04T08:13:38","slug":"i-dag-ar-det-alltsa","status":"publish","type":"post","link":"https:\/\/ainas.cyberhem.com\/index.php\/2011\/12\/04\/i-dag-ar-det-alltsa\/","title":{"rendered":"I dag \u00e4r det allts\u00e5.."},"content":{"rendered":"<p>&nbsp;<\/p>\n<p>\u2026andra advent, och enligt almanackan 20 dagar kvar till julafton, sannerligen inte riktigt klokt hur tiden bara rusar iv\u00e4g. Jag ska inte med ett ord ta upp om att veckorna h\u00e4r om\u00f6jligen kan inneh\u00e5lla r\u00e4tt antal dagar, f\u00f6r det g\u00f6r de \u00e4ven om jag anser det tveksamt. Men n\u00e5gonstans \u00e4r det definitivt fel d\u00e5 man inte ens hinner g\u00f6ra klart absolut ingenting , utan varje dag s\u00e5 har man ogjort en del planerande \u201dabsolut ingenting\u201d. Sjukt hur otroligt lite man beh\u00f6ver g\u00f6ra f\u00f6r att \u00e4nd\u00e5 bed\u00f6ma dagen f\u00f6r kort f\u00f6r att hinna alla ingenting. Mellan morgonpromenaden och boulen p\u00e5 eftermiddagen ska jag allts\u00e5 hinna allt \u00f6vrigt, allts\u00e5 ingenting egentligen, f\u00f6rutom de obligatoriska mat och fikapausar. Jag b\u00f6rjar normalt dagen vid sex-tiden p\u00e5 morgonen och avslutar den mellan 23.30 och 00.30 och jag v\u00e4grar att stiga upp tidigare bara f\u00f6r att hinna ingenting. Nog om detta mitt allt \u00f6verskuggande problem, ett\u00a0 i sig sj\u00e4lv r\u00e4tt angen\u00e4mt problem som \u00e4r l\u00e4tt att leva med.<\/p>\n<p>Vi har f\u00e5tt nya grannar, ett mycket socialt och trevligt tyskt par. Som de flesta g\u00e4sterna h\u00e4r landar de bilen och rattar in, antingen p\u00e5 taket befintlig parabol eller st\u00e4ller upp ett st\u00f6rre \u201df\u00e5gelbad\u201d p\u00e5 backen. S\u00e5 \u00e4ven detta par, \u00e4ven om deras parabol var av det mindre p\u00e5 backen st\u00e5ende \u201df\u00e5gelbadet\u201d resultatet var tydligen klent s\u00e5 en st\u00f6rre parabol ink\u00f6ptes r\u00e4tt omg\u00e5ende. Dessutom sattes ett, som jag antog, k\u00f6kst\u00e4lt upp, faktiskt som f\u00f6rsta arbetsobjekt. Hj\u00e4lp med t\u00e4ltresningen och montering av parabol fick de av ett annat tyskt par, ocks\u00e5 de mycket sociala och verbala. Den mannen fr\u00e5gade om vi gillade musik, det g\u00f6r vi naturligtvis, \u00e4ven om jag b\u00f6rjade dra \u00f6ronen \u00e5t mig och svarade att det naturligtvis berodde p\u00e5 vilken musik det var. Det var tydligen lugnt ans\u00e5g han f\u00f6r v\u00e5r granne var m\u00e4stare och han sj\u00e4lv var en r\u00e4tt duktig amat\u00f6r ans\u00e5g han. Vilka var d\u00e5 instrumenten, jag \u00e4r inte helt klar p\u00e5 det \u00e4n men vad jag tyckte mig f\u00f6rst\u00e5 s\u00e5 var det dragspel och keyboard det handlade om. Oj, oj oj t\u00e4nkte jag med f\u00f6rra vinterns dragspelsspelande granne i f\u00e4rskt minne, tur man h\u00f6r d\u00e5ligt och f\u00f6rhoppningsvis sitter han i bilen och spelar, men det kunde jag r\u00e4tt snart gl\u00f6mma. T\u00e4ltet, det som jag antog var k\u00f6kst\u00e4lt \u00e4r \u201dspelhallen\u201d d\u00e4r har han sitt\/sina instrument. Rune blev i f\u00f6rrg\u00e5r \u00f6verbjuden p\u00e5 en jam session och en \u00f6l, boulspelet r\u00e4ddade honom fr\u00e5n en hel eftermiddags \u201djammande\u201d som det fort kunnat bli, f\u00f6r det \u00e4r en som jag sagt en social och spelglad herre.<\/p>\n<p>Gun och Svante, ett par som vi l\u00e4rt k\u00e4nna i \u00e5r genom gemensamma bekanta, drog i g\u00e5r vidare s\u00f6der ut. De slog f\u00f6lje med ett annat svenskt par f\u00f6r att \u00e5ka till Benidorm, tyv\u00e4rr fick Gun och Svante n\u00e5got problem med bilen och blev st\u00e5ende efter v\u00e4gen, jag vet inte hur det g\u00e5tt men vad jag f\u00f6rst\u00e5tt s\u00e5 har i alla fall bilen b\u00e4rgats p\u00e5 ett eller annat s\u00e4tt, f\u00f6rhoppningsvis har felet g\u00e5tt att \u00e5tg\u00e4rdats, i b\u00e4sta fall redan p\u00e5 plats av b\u00e4rgarpersonalen.<\/p>\n","protected":false},"excerpt":{"rendered":"<p>&nbsp; \u2026andra advent, och enligt almanackan 20 dagar kvar till julafton, sannerligen inte riktigt klokt hur tiden bara rusar iv\u00e4g. Jag ska inte med ett ord ta upp om att veckorna h\u00e4r om\u00f6jligen kan inneh\u00e5lla r\u00e4tt antal dagar, f\u00f6r det g\u00f6r de \u00e4ven om jag anser det tveksamt. Men n\u00e5gonstans \u00e4r det definitivt fel d\u00e5 [&hellip;]<\/p>\n","protected":false},"author":1,"featured_media":0,"comment_status":"open","ping_status":"open","sticky":false,"template":"","format":"standard","meta":[],"categories":[1],"tags":[],"_links":{"self":[{"href":"https:\/\/ainas.cyberhem.com\/index.php\/wp-json\/wp\/v2\/posts\/1921"}],"collection":[{"href":"https:\/\/ainas.cyberhem.com\/index.php\/wp-json\/wp\/v2\/posts"}],"about":[{"href":"https:\/\/ainas.cyberhem.com\/index.php\/wp-json\/wp\/v2\/types\/post"}],"author":[{"embeddable":true,"href":"https:\/\/ainas.cyberhem.com\/index.php\/wp-json\/wp\/v2\/users\/1"}],"replies":[{"embeddable":true,"href":"https:\/\/ainas.cyberhem.com\/index.php\/wp-json\/wp\/v2\/comments?post=1921"}],"version-history":[{"count":2,"href":"https:\/\/ainas.cyberhem.com\/index.php\/wp-json\/wp\/v2\/posts\/1921\/revisions"}],"predecessor-version":[{"id":1923,"href":"https:\/\/ainas.cyberhem.com\/index.php\/wp-json\/wp\/v2\/posts\/1921\/revisions\/1923"}],"wp:attachment":[{"href":"https:\/\/ainas.cyberhem.com\/index.php\/wp-json\/wp\/v2\/media?parent=1921"}],"wp:term":[{"taxonomy":"category","embeddable":true,"href":"https:\/\/ainas.cyberhem.com\/index.php\/wp-json\/wp\/v2\/categories?post=1921"},{"taxonomy":"post_tag","embeddable":true,"href":"https:\/\/ainas.cyberhem.com\/index.php\/wp-json\/wp\/v2\/tags?post=1921"}],"curies":[{"name":"wp","href":"https:\/\/api.w.org\/{rel}","templated":true}]}}