{"id":2053,"date":"2012-03-20T09:32:31","date_gmt":"2012-03-20T08:32:31","guid":{"rendered":"http:\/\/ainas.cyberhem.com\/?p=2053"},"modified":"2012-03-20T09:50:32","modified_gmt":"2012-03-20T08:50:32","slug":"sedan-ett-par","status":"publish","type":"post","link":"https:\/\/ainas.cyberhem.com\/index.php\/2012\/03\/20\/sedan-ett-par\/","title":{"rendered":"Sedan ett par.."},"content":{"rendered":"<p>\u2026dagar har vi via olika v\u00e4derleksrapport\u00f6rer kunnat l\u00e4sa att p\u00e5 tisdag skulle det vara ett ordentligt busv\u00e4der h\u00e4r, r\u00e4tt stora m\u00e4ngder regn och en ordentlig bl\u00e5st. Eftersom det inta har regnat n\u00e4mnv\u00e4rt sedan vi kom hit den tredje januari kan man s\u00e4ga att det n\u00e4stan var med n\u00e5gon form av f\u00f6rv\u00e4ntan, n\u00e4stan f\u00f6rtjusning, vi s\u00e5g fram emot tisdagen. Det har n\u00e4mligen hotats med regn tidigare men det hotet har fallet platt till marken men inte i form av regn i alla fall. Det k\u00e4ndes n\u00e4stan v\u00e4rt att satsa en tia p\u00e5 att n\u00e5gra m\u00e4ngder regn skulle det nog inte bli.<\/p>\n<p>I dag \u00e4r det allts\u00e5 den emotsedda tisdagen d\u00e5 regnet skulle vr\u00e4ka ner, och en sak \u00e4r s\u00e4ker, om jag satsat den d\u00e4r tian s\u00e5 har jag definitivt f\u00f6rlorat den, DET REGNAR ORDENTLIGT och har s\u00e5 gjort i stort sett hela natten. Bl\u00e5sten som drog ig\u00e5ng under g\u00e5rdagen har tack och lov avtagit betydligt men det \u00e4r i alla fall ett ovanligt bl\u00f6tt regn. Nu har jag allts\u00e5 f\u00e5tt bevis f\u00f6r att det kan regna \u00e4ven h\u00e4r s\u00e5 nu \u00e4r jag n\u00f6jd och f\u00f6r min del kan det f\u00e5 upph\u00f6ra och i st\u00e4llet kn\u00e4ppa p\u00e5 solen. Visst, vi har v\u00e4l m\u00e5nga p\u00e5pekat att det inte skulle skada med lite regn men just i dag var det inte r\u00e4tt dag f\u00f6r det att komma. Jag medger att det inte \u00e4r ofta man s\u00e4ger att i dag \u00e4r det r\u00e4tt dag f\u00f6r regn men som sagt var, i dag var det definitivt fel eftersom v\u00e5ra campingv\u00e4nner var tvungen att per cykel ta sig in till Pilar f\u00f6r ett planerat l\u00e4karbes\u00f6k.<\/p>\n<div id=\"attachment_2054\" style=\"width: 260px\" class=\"wp-caption alignright\"><img aria-describedby=\"caption-attachment-2054\" loading=\"lazy\" class=\"size-full wp-image-2054\" title=\"20120318-1\" src=\"https:\/\/ainas.cyberhem.com\/wp-content\/uploads\/2012\/03\/20120318-1.jpg\" alt=\"\" width=\"250\" height=\"188\" \/><p id=\"caption-attachment-2054\" class=\"wp-caption-text\">P\u00e5 cykeltur f\u00f6r att utforska omgivningen....vackert eller hur?<\/p><\/div>\n<p>Under den helg som nyss varit har vi i alla fall i betydligt b\u00e4ttre v\u00e4der gjort en cykelutflykt \u00e5t ett h\u00e5ll som vi inte tidigare utforskat, det finns en hel del att kolla n\u00e4rmare \u00e4ven d\u00e4r, bl. a s\u00e5 hittade vi f\u00f6rmodligen den kinarestaurang som m\u00e5nga pratar om och som tydligen \u00e4r n\u00e5got utom det vanliga, m\u00e5ste troligen testas. Cykelturen avslutades nere i marinan i v\u00e5r \u201dby\u201d med, i mitt fall en\u2026kulglass i strut. Rune gjorde en kort utflykt med kamera f\u00f6r att f\u00f6reviga dagen och kunde n\u00e4r han \u00e5terkom rapportera att serveringen bredvid hade mycket st\u00f6rre och spektakul\u00e4rare glassar. Nu f\u00e5r man v\u00e4l troligen inte \u00e5terst\u00e4lla en halv\u00e4ten glass och f\u00e5 tillbaks pengarna, f\u00f6r att man sett n\u00e5got som man hellre ville ha.<\/p>\n<div id=\"attachment_2055\" style=\"width: 260px\" class=\"wp-caption alignleft\"><img aria-describedby=\"caption-attachment-2055\" loading=\"lazy\" class=\"size-full wp-image-2055\" title=\"20120318-2\" src=\"https:\/\/ainas.cyberhem.com\/wp-content\/uploads\/2012\/03\/20120318-2.jpg\" alt=\"\" width=\"250\" height=\"188\" \/><p id=\"caption-attachment-2055\" class=\"wp-caption-text\">...cykelturens glassavslutning i marinan.<\/p><\/div>\n<p>Helgen har ocks\u00e5 bjudit p\u00e5 medeltida jippo och marknad i Pilar och naturligtvis var vi dit men jag kan v\u00e4l inte s\u00e4ga att det var s\u00e5 m\u00e4rkv\u00e4rdigt, knallarna var kl\u00e4dda i vad man f\u00e5r anse som medeltida kl\u00e4der med utbudet var det vanliga kramset. Visserligen var gatorna p\u00e5 marknadsomr\u00e5det bestr\u00f6dda med halm (jag lovar att halm p\u00e5 asfalt \u00e4r halkigt) och en\u201df\u00e5gelhandlare\u201d fanns ocks\u00e5 d\u00e4r man kunde besk\u00e5da b\u00e5de en del rovf\u00e5glar, sk\u00f6ldpaddor av\u00a0olika storlekar och \u00e4ven ormar, jag tror dock inte att de var till salu.<\/p>\n<div id=\"attachment_2056\" style=\"width: 560px\" class=\"wp-caption aligncenter\"><img aria-describedby=\"caption-attachment-2056\" loading=\"lazy\" class=\"size-full wp-image-2056\" title=\"20120318-3\" src=\"https:\/\/ainas.cyberhem.com\/wp-content\/uploads\/2012\/03\/20120318-3.jpg\" alt=\"\" width=\"550\" height=\"413\" \/><p id=\"caption-attachment-2056\" class=\"wp-caption-text\">...marknadens &quot;f\u00e5gelhandlare&quot;<\/p><\/div>\n<p>Fr\u00e5n boulearenan kan meddelas att det r\u00e5der en viss kvinnodominans i vinstprotokollet f\u00f6r n\u00e4rvarande och \u00e4ven att dagens turnering av f\u00f6rklarliga sj\u00e4l st\u00e4lls in\u2026om det inte sker ett under av v\u00e4dergudarna.<\/p>\n","protected":false},"excerpt":{"rendered":"<p>\u2026dagar har vi via olika v\u00e4derleksrapport\u00f6rer kunnat l\u00e4sa att p\u00e5 tisdag skulle det vara ett ordentligt busv\u00e4der h\u00e4r, r\u00e4tt stora m\u00e4ngder regn och en ordentlig bl\u00e5st. Eftersom det inta har regnat n\u00e4mnv\u00e4rt sedan vi kom hit den tredje januari kan man s\u00e4ga att det n\u00e4stan var med n\u00e5gon form av f\u00f6rv\u00e4ntan, n\u00e4stan f\u00f6rtjusning, vi s\u00e5g [&hellip;]<\/p>\n","protected":false},"author":1,"featured_media":0,"comment_status":"open","ping_status":"open","sticky":false,"template":"","format":"standard","meta":[],"categories":[1],"tags":[],"_links":{"self":[{"href":"https:\/\/ainas.cyberhem.com\/index.php\/wp-json\/wp\/v2\/posts\/2053"}],"collection":[{"href":"https:\/\/ainas.cyberhem.com\/index.php\/wp-json\/wp\/v2\/posts"}],"about":[{"href":"https:\/\/ainas.cyberhem.com\/index.php\/wp-json\/wp\/v2\/types\/post"}],"author":[{"embeddable":true,"href":"https:\/\/ainas.cyberhem.com\/index.php\/wp-json\/wp\/v2\/users\/1"}],"replies":[{"embeddable":true,"href":"https:\/\/ainas.cyberhem.com\/index.php\/wp-json\/wp\/v2\/comments?post=2053"}],"version-history":[{"count":6,"href":"https:\/\/ainas.cyberhem.com\/index.php\/wp-json\/wp\/v2\/posts\/2053\/revisions"}],"predecessor-version":[{"id":2058,"href":"https:\/\/ainas.cyberhem.com\/index.php\/wp-json\/wp\/v2\/posts\/2053\/revisions\/2058"}],"wp:attachment":[{"href":"https:\/\/ainas.cyberhem.com\/index.php\/wp-json\/wp\/v2\/media?parent=2053"}],"wp:term":[{"taxonomy":"category","embeddable":true,"href":"https:\/\/ainas.cyberhem.com\/index.php\/wp-json\/wp\/v2\/categories?post=2053"},{"taxonomy":"post_tag","embeddable":true,"href":"https:\/\/ainas.cyberhem.com\/index.php\/wp-json\/wp\/v2\/tags?post=2053"}],"curies":[{"name":"wp","href":"https:\/\/api.w.org\/{rel}","templated":true}]}}