{"id":2189,"date":"2012-08-04T08:48:52","date_gmt":"2012-08-04T07:48:52","guid":{"rendered":"http:\/\/ainas.cyberhem.com\/?p=2189"},"modified":"2012-08-04T08:48:52","modified_gmt":"2012-08-04T07:48:52","slug":"ja-sa-ar-da","status":"publish","type":"post","link":"https:\/\/ainas.cyberhem.com\/index.php\/2012\/08\/04\/ja-sa-ar-da\/","title":{"rendered":"Ja, s\u00e5 \u00e4r d\u00e5.."},"content":{"rendered":"<p>\u2026den svenska sommaren snart \u00f6ver\u2026\u00e5tminstone f\u00f6r mitt vidkommande. Om ganska precis en vecka drar vi s\u00f6derut mot ytterligare sommarm\u00e5nader. F\u00f6rhoppningsvis \u00e4r det stabilare sommarm\u00e5nader med \u00f6verv\u00e4gande sol och m\u00f6jlighet till m\u00e5nga sk\u00f6na bad i ett \u201dvarmt\u201d hav.<br \/>\nDen sista veckan h\u00e4r hemma blir en vecka som g\u00e5r i sociala tecken med umg\u00e4nge med barn och barnbarn, tr\u00e4ff med gamla v\u00e4nner och en i sommarplaneringen given och obligatorisk stadssv\u00e4ng med en f d arbetskamrat, ska ocks\u00e5 hinna med ett inbokat tandl\u00e4karbes\u00f6k. Ska ocks\u00e5 hinna med att bjuda v\u00e5ra campinggrannar p\u00e5 avskeds\/f\u00f6delsedagskaffe n\u00e5gon g\u00e5ng under fredag eller l\u00f6rdag, helst innan vi river f\u00f6rt\u00e4ltet, men t\u00e4ltet vill vi inte riva om det regnar och enligt v\u00e4dergubbarna s\u00e5 \u00e4r fredag en m\u00f6jlig dag men l\u00f6rdag troligen s\u00e4krare, s\u00e5 veckoslutet har en v\u00e4ldigt flexibel planering.<br \/>\nOm man skulle ge sig p\u00e5 en summering av sommaren, eller hellre fr\u00e5nvaron av sommar, s\u00e5 en sak \u00e4r s\u00e4ker och det \u00e4r att risk f\u00f6r uttorkning har det inte f\u00f6relegat, varken f\u00f6r v\u00e4xter, djur eller vi campare, jag tror att de helt regnfri dagarna kan r\u00e4knas med ensiffrigt tal, \u00e5tminstone k\u00e4nns det s\u00e5. Midsommar var r\u00e4tt hyfsad och visst kan jag ocks\u00e5 komma p\u00e5 n\u00e5gra andra regnfria dagar men tyv\u00e4rr har de varit enstaka, dagen efter har det i regel regnat, \u00e5tminstone delar av dagen, tycker inte heller att det varit s\u00e4rskilt varmt s\u00e5 fleecejackan har blivit flitigt nyttjad. Men jag vet inte om solen, efter en hel dags k\u00e4mpande med regnmoln, mot kv\u00e4llen vunnit och tagit kommandot och d\u00e5 bjudit p\u00e5 ofta mycket spektakul\u00e4ra solnedg\u00e5ngar.<\/p>\n<div id=\"attachment_2190\" style=\"width: 510px\" class=\"wp-caption aligncenter\"><img aria-describedby=\"caption-attachment-2190\" loading=\"lazy\" class=\"size-full wp-image-2190\" title=\"20120804-1\" src=\"https:\/\/ainas.cyberhem.com\/wp-content\/uploads\/2012\/08\/20120804-1.jpg\" alt=\"\" width=\"500\" height=\"375\" \/><p id=\"caption-attachment-2190\" class=\"wp-caption-text\">Nej, Burtr\u00e4sk brinner inte....solen vann dagens strid med regnmolnen och bjuder p\u00e5 en explosion i r\u00f6tt och guld....fantastiskt.<\/p><\/div>\n","protected":false},"excerpt":{"rendered":"<p>\u2026den svenska sommaren snart \u00f6ver\u2026\u00e5tminstone f\u00f6r mitt vidkommande. Om ganska precis en vecka drar vi s\u00f6derut mot ytterligare sommarm\u00e5nader. F\u00f6rhoppningsvis \u00e4r det stabilare sommarm\u00e5nader med \u00f6verv\u00e4gande sol och m\u00f6jlighet till m\u00e5nga sk\u00f6na bad i ett \u201dvarmt\u201d hav. Den sista veckan h\u00e4r hemma blir en vecka som g\u00e5r i sociala tecken med umg\u00e4nge med barn och [&hellip;]<\/p>\n","protected":false},"author":1,"featured_media":0,"comment_status":"open","ping_status":"open","sticky":false,"template":"","format":"standard","meta":[],"categories":[1],"tags":[],"_links":{"self":[{"href":"https:\/\/ainas.cyberhem.com\/index.php\/wp-json\/wp\/v2\/posts\/2189"}],"collection":[{"href":"https:\/\/ainas.cyberhem.com\/index.php\/wp-json\/wp\/v2\/posts"}],"about":[{"href":"https:\/\/ainas.cyberhem.com\/index.php\/wp-json\/wp\/v2\/types\/post"}],"author":[{"embeddable":true,"href":"https:\/\/ainas.cyberhem.com\/index.php\/wp-json\/wp\/v2\/users\/1"}],"replies":[{"embeddable":true,"href":"https:\/\/ainas.cyberhem.com\/index.php\/wp-json\/wp\/v2\/comments?post=2189"}],"version-history":[{"count":1,"href":"https:\/\/ainas.cyberhem.com\/index.php\/wp-json\/wp\/v2\/posts\/2189\/revisions"}],"predecessor-version":[{"id":2191,"href":"https:\/\/ainas.cyberhem.com\/index.php\/wp-json\/wp\/v2\/posts\/2189\/revisions\/2191"}],"wp:attachment":[{"href":"https:\/\/ainas.cyberhem.com\/index.php\/wp-json\/wp\/v2\/media?parent=2189"}],"wp:term":[{"taxonomy":"category","embeddable":true,"href":"https:\/\/ainas.cyberhem.com\/index.php\/wp-json\/wp\/v2\/categories?post=2189"},{"taxonomy":"post_tag","embeddable":true,"href":"https:\/\/ainas.cyberhem.com\/index.php\/wp-json\/wp\/v2\/tags?post=2189"}],"curies":[{"name":"wp","href":"https:\/\/api.w.org\/{rel}","templated":true}]}}