{"id":2193,"date":"2012-08-06T22:33:30","date_gmt":"2012-08-06T21:33:30","guid":{"rendered":"http:\/\/ainas.cyberhem.com\/?p=2193"},"modified":"2012-08-06T22:33:30","modified_gmt":"2012-08-06T21:33:30","slug":"jag-blir-sa","status":"publish","type":"post","link":"https:\/\/ainas.cyberhem.com\/index.php\/2012\/08\/06\/jag-blir-sa\/","title":{"rendered":"Jag blir s\u00e5.."},"content":{"rendered":"<p>.. in i Norden besviken och rent ut sagt rasande n\u00e4r jag h\u00f6r hur v\u00e5ra s\u00e5 kallade folkvalda tydligen anser att de har r\u00e4tt att sprattla \u201dv\u00e5ra\u201d, allts\u00e5 svenska folkets pengar, p\u00e5 dyra fester och annat som ger deras redan guldkantade liv ytterligare glans. Att vi genom val ger dem mandat att ta beslut \u00e5t oss inneb\u00e4r inte att de har fri tillg\u00e5ng att spendera stora summor f\u00f6r eget n\u00f6je p\u00e5 fester, reser och dyra hotelln\u00e4tter. De pengar som vi genom bland annat r\u00e4tt s\u00e5 dyra skatter p\u00e5 b\u00e5de varor och tj\u00e4nster tillf\u00f6r stadskassan f\u00f6r att inte tala om inkomstskatten och av svenska folket \u00e4gda vinstgivande f\u00f6retag, f\u00f6retag som nu i snabb takt s\u00e4ljs ut p\u00e5, \u00e5tminstone i min mening, mycket spektakul\u00e4ra s\u00e4tt och till f\u00f6retag som i vissa fall har en minst sagt tveksam aff\u00e4rsmoral. Men kanske \u00e4r det s\u00e5 att de h\u00f6ga herrarna i dessa f\u00f6retag har andra f\u00f6rm\u00e5gor som mer kommer till sin r\u00e4tt p\u00e5 festerna som \u201dvi\u201d betalar f\u00f6r med v\u00e5ra skattepengar men inte \u00e4r v\u00e4lkomna att delta i.<\/p>\n<p>Vad som g\u00f6r mig \u00e4nnu mer h\u00f6gr\u00f6d i nyllet av ilska \u00e4r att dessa v\u00e5ra folkvalda verkar tycka att det \u00e4r ok att skapa s.k. \u201dverk\u201d som gud vet vad de egentligen sysslar med, men en h\u00f6gt betald chef beh\u00f6ver man naturligtvis tills\u00e4ttas, tillsammans med ett antal medarbetare, f\u00f6r man kan ju inte beg\u00e4ra att chefen ska \u201dfesta\u201d i sin ensamhet, nej ett lagom antal festglada medarbetare f\u00e5r man nog lov att anst\u00e4lla, 15-20 st. verkar vara ett lagom antal. Och tur har man ocks\u00e5 eftersom man alltid hittar chefen bland v\u00e4nner och partimedlemmar. Att dessa tillt\u00e4nkta chefer borde bevisa b\u00e5de kompetens och engagemang f\u00f6r sin uppgift \u00e4r inte n\u00f6dv\u00e4ndigt, de \u00e4r ju v\u00e4nner och partikamrater. Om det sedan visar sig att den \u201dh\u00f6ga kompetensen\u201d \u00e4r f\u00f6rm\u00e5gan att ordna dyra fester och andra f\u00f6rn\u00f6jelser f\u00f6r medarbetarna s\u00e5 visst har den chefen h\u00f6g social kompetens men det kanske inte var det som var arbetsuppgiften som avs\u00e5gs och inte heller \u201dverkets\u201d arbetsomr\u00e5de.<\/p>\n<p>Nu kan man v\u00e4l tycka att det \u00e4r helt utom all tvivel att en s\u00e5dan, f\u00f6r sin uppgift, helt inkompetent chef omedelbart fr\u00e5ntas sitt arbete. I det \u201dverkliga\u201d arbetslivet om man har missbrukat sin st\u00e4llning och det f\u00f6rtroende man f\u00e5tt n\u00e4r man anst\u00e4lldes f\u00e5r man n\u00e4ppeligen n\u00e5gon ytterligare chans inom det f\u00f6retaget, nej d\u00e5 \u00e4r det nog bara att inr\u00e4tta sig i k\u00f6n till arbetsf\u00f6rmedlingen. Det \u00e4r i alla fall inte en risk som drabbar dessa h\u00f6gt kompetenta chefer, de \u201dsparkas\u201d ok, men de sparkas upp\u00e5t med bibeh\u00e5llna f\u00f6rm\u00e5ner och l\u00f6n\u2026.de \u00e4r ju i alla fall s\u00e5 kompetenta!!!!!<\/p>\n","protected":false},"excerpt":{"rendered":"<p>.. in i Norden besviken och rent ut sagt rasande n\u00e4r jag h\u00f6r hur v\u00e5ra s\u00e5 kallade folkvalda tydligen anser att de har r\u00e4tt att sprattla \u201dv\u00e5ra\u201d, allts\u00e5 svenska folkets pengar, p\u00e5 dyra fester och annat som ger deras redan guldkantade liv ytterligare glans. Att vi genom val ger dem mandat att ta beslut \u00e5t [&hellip;]<\/p>\n","protected":false},"author":1,"featured_media":0,"comment_status":"open","ping_status":"open","sticky":false,"template":"","format":"standard","meta":[],"categories":[1],"tags":[],"_links":{"self":[{"href":"https:\/\/ainas.cyberhem.com\/index.php\/wp-json\/wp\/v2\/posts\/2193"}],"collection":[{"href":"https:\/\/ainas.cyberhem.com\/index.php\/wp-json\/wp\/v2\/posts"}],"about":[{"href":"https:\/\/ainas.cyberhem.com\/index.php\/wp-json\/wp\/v2\/types\/post"}],"author":[{"embeddable":true,"href":"https:\/\/ainas.cyberhem.com\/index.php\/wp-json\/wp\/v2\/users\/1"}],"replies":[{"embeddable":true,"href":"https:\/\/ainas.cyberhem.com\/index.php\/wp-json\/wp\/v2\/comments?post=2193"}],"version-history":[{"count":1,"href":"https:\/\/ainas.cyberhem.com\/index.php\/wp-json\/wp\/v2\/posts\/2193\/revisions"}],"predecessor-version":[{"id":2194,"href":"https:\/\/ainas.cyberhem.com\/index.php\/wp-json\/wp\/v2\/posts\/2193\/revisions\/2194"}],"wp:attachment":[{"href":"https:\/\/ainas.cyberhem.com\/index.php\/wp-json\/wp\/v2\/media?parent=2193"}],"wp:term":[{"taxonomy":"category","embeddable":true,"href":"https:\/\/ainas.cyberhem.com\/index.php\/wp-json\/wp\/v2\/categories?post=2193"},{"taxonomy":"post_tag","embeddable":true,"href":"https:\/\/ainas.cyberhem.com\/index.php\/wp-json\/wp\/v2\/tags?post=2193"}],"curies":[{"name":"wp","href":"https:\/\/api.w.org\/{rel}","templated":true}]}}