{"id":2332,"date":"2013-01-10T14:49:17","date_gmt":"2013-01-10T13:49:17","guid":{"rendered":"http:\/\/ainas.cyberhem.com\/?p=2332"},"modified":"2013-01-10T14:51:05","modified_gmt":"2013-01-10T13:51:05","slug":"efter-en-ytterst","status":"publish","type":"post","link":"https:\/\/ainas.cyberhem.com\/index.php\/2013\/01\/10\/efter-en-ytterst\/","title":{"rendered":"Efter en ytterst.."},"content":{"rendered":"<p>..lat period med i princip ingen motion alls, f\u00f6rutom boule-spelandet, har jag nu insett att det finns ett behov att r\u00f6ra p\u00e5 sig. Jag har utifr\u00e5n den insikten \u00e5terupptagit promenerandet, eller man kanske hellre borde kalla det marscherandet, f\u00f6r min g\u00e5ngstil \u00e4r nog ganska l\u00e5ngt ifr\u00e5n feminin och trippande, nej l\u00e5nga kliv och klackarna resolut i backen, nu har ju inte mina joggingskor klackar, men om de funnit skulle de ha landat f\u00f6rst.<\/p>\n<p>Jag har ocks\u00e5 \u00e4ndrat tid f\u00f6r mina utflykter, jag g\u00e5r nu 1-1\u00bd timme p\u00e5 eftermiddagen i st\u00e4llet f\u00f6r p\u00e5 morgonen och jag g\u00e5r ocks\u00e5 utan g\u00e5ngkompis, Yvonne har problem med ryggen och klarar d\u00e5ligt av g\u00e5endet s\u00e5 hon \u201dh\u00e4ckar\u201d numera regelbundet i gymmet p\u00e5 campingen. Att jag g\u00e5r ensam inneb\u00e4r inte att jag \u00e4r ensam ute, nej nu har jag f\u00e5tt se en annan sida av \u201dstan\u201d, visserligen \u00e4r detta samh\u00e4lle en utpr\u00e4glad turiststad med \u00f6verv\u00e4gande vintertomma hus och l\u00e4genheter men det finns ocks\u00e5 fast boende, b\u00e5de spanjorer och andra europ\u00e9er, och de \u00e4r de som jag m\u00f6ter nu. Ofta handlar om personer i v\u00e5r \u00e5lder, allts\u00e5 pension\u00e4rer, vilket v\u00e4l f\u00e5r anses normalt n\u00e4r det g\u00e4ller de hitflyttade fr\u00e5n \u00f6vriga Europa men det g\u00e4ller \u00e4ven de spanjorer jag m\u00f6ter. Det \u00e4r ju klart att vid den tid jag \u00e4r ute s\u00e5 \u00e4r v\u00e4l yngre personer antingen i skolan eller p\u00e5 jobb.<\/p>\n<p>N\u00e4r jag m\u00f6ter personer s\u00e5 g\u00f6r jag mig ofta en f\u00f6rest\u00e4llning om var p\u00e5 den sociala rangskalan de befinner sig, helt vansinnigt egentligen och ytterst on\u00f6digt eftersom bed\u00f6mningen bara kan g\u00f6ras utifr\u00e5n det yttre och m\u00f6jligen ocks\u00e5 fr\u00e5n hur det ytterst korta m\u00f6tet utfaller, ett leende, en nick, ett hej eller god dag eller bara ett snabbt passerande utan s\u00e5 mycket som ett \u00f6gonkast. Jag inser att min ytters personliga bed\u00f6mning har tusen brister och att jag egentligen inte skulle vilja bli klassad och bed\u00f6mt p\u00e5 detta s\u00e4tt sj\u00e4lv, t ex den som jag m\u00f6ter och som bara passerar f\u00f6rbi utan att titta p\u00e5 mig bed\u00f6mer jag som mindre social vilket d\u00e5 kan anses om mig ocks\u00e5. Vad jag menar \u00e4r att hur det korta m\u00f6tet utfaller avg\u00f6r hur jag bed\u00f6mer en person, knepigt eller hur.<\/p>\n<p>Jag har under de senaste dagarna tydligen varit i samma trakter som en man i 45-55-\u00e5rs \u00e5lder, han g\u00e5r d\u00e4r med sin hund, en liten rund limpa i taxmodell. Mannen har l\u00e5ngt m\u00f6rkt h\u00e5r av mindre m\u00e4ngd p\u00e5 vissa st\u00e4llen p\u00e5 huvudet, samlat en svans, jeans och n\u00e5gon form av v\u00e4st tror jag och \u00f6ver en skjorta av varierande m\u00f6nster. Redan vid f\u00f6rsta m\u00f6tet log han brett och sa ett glatt hej, p\u00e5 spanska naturligtvis. Jag passerade honom och hunden n\u00e4r de satt i en park som jag genade genom. Han s\u00e5g mig tydligen komma men avst\u00e5ndet var ganska stort och han var upptagen med att glatt prata med en dam p\u00e5 gatan s\u00e5 ist\u00e4llet f\u00f6r att hojta hej, vinkade han glatt och ivrigt till mig. Efter det m\u00f6tet kom jag\u00a0p\u00e5 mig med att g\u00e5 och nynna p\u00e5 \u201dJust a gigolo, just a gigolo\u201d, s\u00e5 d\u00e4r f\u00e5r ni en aning om min bed\u00f6mningsmetod, ingenting som man vetenskapligt kan f\u00f6rorda. Han \u00e4r nog bara en vanligt social spansk man, f\u00f6r sociala \u00e4r spanjorerna, det ser man bara p\u00e5 bussar d\u00e4r verbala informationer \u201dflyger\u201d genom bussen, fr\u00e5n fr\u00e4msta till bakersta platserna och i kassak\u00f6erna p\u00e5 mataff\u00e4rerna, som ocks\u00e5 \u00e4r ett bra informationsst\u00e4lle. Det \u00e4r liksom ingen stress och man k\u00e4nner sig inte som en fumlig pension\u00e4r n\u00e4r man tar lite extra tid i kassan\u2026och en annan sak, h\u00e4r har kass\u00f6rskan tid att packa din kasse eller v\u00e4ska.<\/p>\n","protected":false},"excerpt":{"rendered":"<p>..lat period med i princip ingen motion alls, f\u00f6rutom boule-spelandet, har jag nu insett att det finns ett behov att r\u00f6ra p\u00e5 sig. Jag har utifr\u00e5n den insikten \u00e5terupptagit promenerandet, eller man kanske hellre borde kalla det marscherandet, f\u00f6r min g\u00e5ngstil \u00e4r nog ganska l\u00e5ngt ifr\u00e5n feminin och trippande, nej l\u00e5nga kliv och klackarna resolut [&hellip;]<\/p>\n","protected":false},"author":1,"featured_media":0,"comment_status":"open","ping_status":"open","sticky":false,"template":"","format":"standard","meta":[],"categories":[1],"tags":[],"_links":{"self":[{"href":"https:\/\/ainas.cyberhem.com\/index.php\/wp-json\/wp\/v2\/posts\/2332"}],"collection":[{"href":"https:\/\/ainas.cyberhem.com\/index.php\/wp-json\/wp\/v2\/posts"}],"about":[{"href":"https:\/\/ainas.cyberhem.com\/index.php\/wp-json\/wp\/v2\/types\/post"}],"author":[{"embeddable":true,"href":"https:\/\/ainas.cyberhem.com\/index.php\/wp-json\/wp\/v2\/users\/1"}],"replies":[{"embeddable":true,"href":"https:\/\/ainas.cyberhem.com\/index.php\/wp-json\/wp\/v2\/comments?post=2332"}],"version-history":[{"count":2,"href":"https:\/\/ainas.cyberhem.com\/index.php\/wp-json\/wp\/v2\/posts\/2332\/revisions"}],"predecessor-version":[{"id":2334,"href":"https:\/\/ainas.cyberhem.com\/index.php\/wp-json\/wp\/v2\/posts\/2332\/revisions\/2334"}],"wp:attachment":[{"href":"https:\/\/ainas.cyberhem.com\/index.php\/wp-json\/wp\/v2\/media?parent=2332"}],"wp:term":[{"taxonomy":"category","embeddable":true,"href":"https:\/\/ainas.cyberhem.com\/index.php\/wp-json\/wp\/v2\/categories?post=2332"},{"taxonomy":"post_tag","embeddable":true,"href":"https:\/\/ainas.cyberhem.com\/index.php\/wp-json\/wp\/v2\/tags?post=2332"}],"curies":[{"name":"wp","href":"https:\/\/api.w.org\/{rel}","templated":true}]}}