{"id":2372,"date":"2013-03-05T20:01:48","date_gmt":"2013-03-05T19:01:48","guid":{"rendered":"http:\/\/ainas.cyberhem.com\/?p=2372"},"modified":"2013-03-05T20:03:11","modified_gmt":"2013-03-05T19:03:11","slug":"nu-har-vi-fatt","status":"publish","type":"post","link":"https:\/\/ainas.cyberhem.com\/index.php\/2013\/03\/05\/nu-har-vi-fatt\/","title":{"rendered":"Nu har vi f\u00e5tt.."},"content":{"rendered":"<p>&#8230;uppleva ytterligare ett annat Spanien. Efter en hel del bl\u00e5st har det nu i tv\u00e5 mer eller mindre heldagar regnat. Jag klagar i alla fall inte f\u00f6r konstigt nog s\u00e5 har det bara gjort mig \u00e4nnu mer \u00f6vertygad om att vi \u00e4r p\u00e5 r\u00e4tt st\u00e4lle. Hur d\u00e5, fr\u00e5gar ni er kanske, jo det h\u00e4r v\u00e4dret \u00e4r i princip identiskt med det v\u00e4der vi hade mer eller mindre hela f\u00f6rra sommaren n\u00e4r vi var i Sverige, m\u00f6jligen var det genomg\u00e5ende n\u00e5gra grader kallare d\u00e4r. H\u00e4r \u00e4r det allts\u00e5 fr\u00e5gan om tv\u00e5 ynka dagar som det regnat, ett regn som utan tvekan har varit v\u00e4lkommet f\u00f6r v\u00e4xtligheten.<\/p>\n<p>D\u00e4remot hade vi under g\u00e5rdagen och kv\u00e4llen tillsammans med regnet en r\u00e4tt kraftig vind fr\u00e5n sydost vilket gav till resultat att n\u00e4r den sent p\u00e5 natten avtog l\u00e4mnade den efter sig ett t\u00e4cke av, inte vit sn\u00f6 utan\u2026. r\u00f6d Saharasand. Jag lovar att jag har nog aldrig sett s\u00e5 m\u00e5nga \u201dh\u00f6gt uppsatta\u201d m\u00e4n vara s\u00e5 aktiva med skurborste, hink och vattenslang. Husbils-och husvagnstak var under f\u00f6rmiddagen popul\u00e4ra st\u00e4llen att tillbringa morgontimmarna p\u00e5. \u00c4ven jag fick efter ett visst tjat m\u00f6jligheten att f\u00e5 se campingen och \u201dv\u00e5r\u201d tomt fr\u00e5n denna upph\u00f6jda plats. Jag fick en himla bra \u00f6versikt av campingen och vilken skillnad att f\u00e5 se den liksom lite gran fr\u00e5n ovan.<\/p>\n<p>Men jag fick allts\u00e5 tjata mig till denna m\u00f6jlighet eftersom Rune anser att jag \u00e4r ostadig p\u00e5 benen, fallben\u00e4gen och \u201d\u00e5 huvudets v\u00e4gnar n\u00e5got svag\u201d. Jag tycker nog att det \u00e4r p\u00e5hopp och misskreditering av vad som finns i mitt huvud, nu p\u00e5st\u00e5r Rune att han inte uttryckte sig p\u00e5 det s\u00e4ttet, men jag tolkade det i alla fall s\u00e5, dessutom vem av oss \u00e4r det som fallit fr\u00e5n b\u00e5de lastbilssl\u00e4pa och brobygge, inte jag i alla fall, allts\u00e5 fick jag inta taket medf\u00f6rande skurborste, hink och vattenslang.<\/p>\n<p>Tyv\u00e4rr gl\u00f6mde jag kameran s\u00e5 jag har inte f\u00f6revigat tillf\u00e4llet och Rune gick bara runt husvagnen och tjatade om att jag skulle var f\u00f6rsiktig och inte ramla s\u00e5 han hade inte heller n\u00e5gon tanke p\u00e5 fotografering. Ramla hade jag naturligtvis inte det minsta intresse av, jag \u00e4r l\u00e5ngt, l\u00e5ngt, l\u00e5ngt ifr\u00e5n suicidal, nej det enda tillf\u00e4lle n\u00e4r det var lite darr p\u00e5 manschetterna var n\u00e4r jag skulle ner, jag gillar inte att kl\u00e4nga runt i stegar.<\/p>\n","protected":false},"excerpt":{"rendered":"<p>&#8230;uppleva ytterligare ett annat Spanien. Efter en hel del bl\u00e5st har det nu i tv\u00e5 mer eller mindre heldagar regnat. Jag klagar i alla fall inte f\u00f6r konstigt nog s\u00e5 har det bara gjort mig \u00e4nnu mer \u00f6vertygad om att vi \u00e4r p\u00e5 r\u00e4tt st\u00e4lle. Hur d\u00e5, fr\u00e5gar ni er kanske, jo det h\u00e4r v\u00e4dret [&hellip;]<\/p>\n","protected":false},"author":1,"featured_media":0,"comment_status":"open","ping_status":"open","sticky":false,"template":"","format":"standard","meta":[],"categories":[1],"tags":[],"_links":{"self":[{"href":"https:\/\/ainas.cyberhem.com\/index.php\/wp-json\/wp\/v2\/posts\/2372"}],"collection":[{"href":"https:\/\/ainas.cyberhem.com\/index.php\/wp-json\/wp\/v2\/posts"}],"about":[{"href":"https:\/\/ainas.cyberhem.com\/index.php\/wp-json\/wp\/v2\/types\/post"}],"author":[{"embeddable":true,"href":"https:\/\/ainas.cyberhem.com\/index.php\/wp-json\/wp\/v2\/users\/1"}],"replies":[{"embeddable":true,"href":"https:\/\/ainas.cyberhem.com\/index.php\/wp-json\/wp\/v2\/comments?post=2372"}],"version-history":[{"count":2,"href":"https:\/\/ainas.cyberhem.com\/index.php\/wp-json\/wp\/v2\/posts\/2372\/revisions"}],"predecessor-version":[{"id":2374,"href":"https:\/\/ainas.cyberhem.com\/index.php\/wp-json\/wp\/v2\/posts\/2372\/revisions\/2374"}],"wp:attachment":[{"href":"https:\/\/ainas.cyberhem.com\/index.php\/wp-json\/wp\/v2\/media?parent=2372"}],"wp:term":[{"taxonomy":"category","embeddable":true,"href":"https:\/\/ainas.cyberhem.com\/index.php\/wp-json\/wp\/v2\/categories?post=2372"},{"taxonomy":"post_tag","embeddable":true,"href":"https:\/\/ainas.cyberhem.com\/index.php\/wp-json\/wp\/v2\/tags?post=2372"}],"curies":[{"name":"wp","href":"https:\/\/api.w.org\/{rel}","templated":true}]}}