{"id":2458,"date":"2013-12-12T21:51:45","date_gmt":"2013-12-12T20:51:45","guid":{"rendered":"http:\/\/ainas.cyberhem.com\/?p=2458"},"modified":"2013-12-12T21:51:45","modified_gmt":"2013-12-12T20:51:45","slug":"jag-har-sagt","status":"publish","type":"post","link":"https:\/\/ainas.cyberhem.com\/index.php\/2013\/12\/12\/jag-har-sagt\/","title":{"rendered":"Jag har sagt.."},"content":{"rendered":"<p>\u2026det tidigare och jag s\u00e4ger det igen, hur i hela friden fick jag tid till allt jag gjorde tidigare, jag menar innan jag blev pension\u00e4r. Hur han jag b\u00e5de arbeta heltid och ha tid med familj, hus och \u00e4ven \u201dfritid\u201d med egna aktiviteter. Har jag verkligen f\u00f6rlorat s\u00e5 mycket i fysisk f\u00f6rm\u00e5ga bara f\u00f6r att jag blivit pension\u00e4r? F\u00f6rlorade jag det d\u00e5 allt i samma \u00f6gonblick som jag blev pension\u00e4r? Eller \u00e4r det s\u00e5 att jag omedvetet trappat ned p\u00e5 fritidsaktiviteterna f\u00f6r jobbet var ju detsamma och huset likas\u00e5. Familjen hade egentligen inte minskat i antal f\u00f6r gl\u00e4djande nog s\u00e5 hade det tillkommit barnbarn men naturligtvis har ansvaret f\u00f6r familjen f\u00f6r\u00e4ndras, jag hade inte l\u00e4ngre huvudansvaret, nej jag hade \u201dtillg\u00e5ng\u201d till barnbarnen p\u00e5 i stort sett mina villkor, n\u00e4r jag ville och hade m\u00f6jlighet. Eller \u00e4r det kanske s\u00e5 att jag egentligen inte alls utf\u00f6rde allt det jag tror att jag gjorde, kanske \u00e4r det flera m\u00e5naders aktivitet som jag i minnet har dragit ihop till att var n\u00e5got jag gjorde p\u00e5 bara n\u00e5gon vecka, som ett sammandrag av en bok t ex. Det \u00e4r en f\u00f6rklaring som jag g\u00e4rna k\u00f6per, f\u00f6r d\u00e5 har jag kanske inte tappat i f\u00f6rm\u00e5ga s\u00e5 mycket i alla fall.<br \/>\nNu \u00e4r jag i alla fall pension\u00e4r med r\u00e4tt att g\u00f6ra s\u00e5 lite jag vill eller m\u00e5ste, f\u00f6r visst finns det fortfarande m\u00e5sten \u00e4ven om de tack och lov inte \u00e4r fler \u00e4n jag i regel hinner med dessa, och hinner jag inte s\u00e5 \u00e4r de antagligen inte viktigare \u00e4n att jag struntar i dom. Helt klart \u00e4r att de f\u00e5 m\u00e5sten som man absolut m\u00e5ste hinna de hinner man.<br \/>\nVi \u00e4r sedan en och en halv m\u00e5nad tillbaks i Spanien och det \u00e4r sk\u00f6nt, men vi har liksom f\u00f6rra h\u00f6sten hunnit hem till Sverige p\u00e5 en snabbresa, anledningen till den resa \u00e4r densamma som f\u00f6rra h\u00f6sten, vi har bytt bil\u2026igen.<br \/>\nDen lilla husbil vi hade var helt perfekt h\u00e4r nere, liten och smidig f\u00f6r de behov vi har h\u00e4r nere, men vi uppt\u00e4ckte efter Runes operation att den var helt ol\u00e4mplig om man av n\u00e5gon anledning inte \u00e4r helt ok, och att bo i den under s\u00e5 l\u00e5ng tid som det blev \u00e4r n\u00e4stan oh\u00e5llbart. Klart \u00e4r att det \u00e4r betydligt enklare att klara ett s\u00e5dant boende h\u00e4r i Spanien med sol och v\u00e4rme, det g\u00f6r att man tillbringar mycket tid utomhus till skillnad fr\u00e5n norra Sverige i september och oktober, under de m\u00e5naderna vill jag inte p\u00e5st\u00e5 att man ville tillbringa s\u00e5 mycket tid utomhus.<br \/>\nMen nu \u00e4r vi allts\u00e5 h\u00e4r igen, visst \u00e4r det vinter h\u00e4r med, men ingen sn\u00f6, det s\u00e5g vi nog av n\u00e4r vi \u00e5kte hem och k\u00f6rde \u00f6ver Pyren\u00e9erna, men svala n\u00e4tter har vi och varierande v\u00e4der \u00e4ven dagtid, i regel hinner vi med b\u00e5de sol och moln under dagen men ytterst s\u00e4llan regn, och jag lovar att n\u00e4r solen vill d\u00e5 \u00e4r det korta ben och linne som g\u00e4ller.<br \/>\nAnnars \u00e4r v\u00e4l allt sig ganska likt h\u00e4r p\u00e5 campingen, eller antar jag som det \u00e4r p\u00e5 de flesta campingar, som under vinterm\u00e5naderna invaderats av pensionerade nordeurop\u00e9er, nu n\u00e4r det g\u00e5r mot jul, det blinkar och lyser i alla f\u00e4rger, och julstj\u00e4rnor \u00e4r de blommor som g\u00e4ller. Jag har inte hunnit investera i n\u00e5gon men den jag k\u00f6pte f\u00f6rra julen har \u00f6verlevt och den blommar, visserligen men betydligt mindre blommor men r\u00f6da och troligen mer lik ursprunget.<br \/>\nEfter jul och ny\u00e5r ska vi g\u00f6ra de planerade f\u00f6r\u00e4ndringarna p\u00e5 v\u00e5r \u201dtomt\u201d, det stora f\u00f6rt\u00e4ltet ska ner och \u201dfyrkanten\u201d den som ska bli v\u00e5rt nya k\u00f6k ska h\u00e4mtas hit f\u00f6r att inredas. Sedan under v\u00e5ren f\u00e5r vi i omg\u00e5ngar bes\u00f6k fr\u00e5n sl\u00e4kt och v\u00e4nner fr\u00e5n Sverige<\/p>\n","protected":false},"excerpt":{"rendered":"<p>\u2026det tidigare och jag s\u00e4ger det igen, hur i hela friden fick jag tid till allt jag gjorde tidigare, jag menar innan jag blev pension\u00e4r. Hur han jag b\u00e5de arbeta heltid och ha tid med familj, hus och \u00e4ven \u201dfritid\u201d med egna aktiviteter. Har jag verkligen f\u00f6rlorat s\u00e5 mycket i fysisk f\u00f6rm\u00e5ga bara f\u00f6r att [&hellip;]<\/p>\n","protected":false},"author":1,"featured_media":0,"comment_status":"open","ping_status":"open","sticky":false,"template":"","format":"standard","meta":[],"categories":[1],"tags":[],"_links":{"self":[{"href":"https:\/\/ainas.cyberhem.com\/index.php\/wp-json\/wp\/v2\/posts\/2458"}],"collection":[{"href":"https:\/\/ainas.cyberhem.com\/index.php\/wp-json\/wp\/v2\/posts"}],"about":[{"href":"https:\/\/ainas.cyberhem.com\/index.php\/wp-json\/wp\/v2\/types\/post"}],"author":[{"embeddable":true,"href":"https:\/\/ainas.cyberhem.com\/index.php\/wp-json\/wp\/v2\/users\/1"}],"replies":[{"embeddable":true,"href":"https:\/\/ainas.cyberhem.com\/index.php\/wp-json\/wp\/v2\/comments?post=2458"}],"version-history":[{"count":1,"href":"https:\/\/ainas.cyberhem.com\/index.php\/wp-json\/wp\/v2\/posts\/2458\/revisions"}],"predecessor-version":[{"id":2459,"href":"https:\/\/ainas.cyberhem.com\/index.php\/wp-json\/wp\/v2\/posts\/2458\/revisions\/2459"}],"wp:attachment":[{"href":"https:\/\/ainas.cyberhem.com\/index.php\/wp-json\/wp\/v2\/media?parent=2458"}],"wp:term":[{"taxonomy":"category","embeddable":true,"href":"https:\/\/ainas.cyberhem.com\/index.php\/wp-json\/wp\/v2\/categories?post=2458"},{"taxonomy":"post_tag","embeddable":true,"href":"https:\/\/ainas.cyberhem.com\/index.php\/wp-json\/wp\/v2\/tags?post=2458"}],"curies":[{"name":"wp","href":"https:\/\/api.w.org\/{rel}","templated":true}]}}