{"id":2539,"date":"2014-08-16T22:45:28","date_gmt":"2014-08-16T21:45:28","guid":{"rendered":"http:\/\/ainas.cyberhem.com\/?p=2539"},"modified":"2014-08-16T22:45:28","modified_gmt":"2014-08-16T21:45:28","slug":"nu-ar-det-snart","status":"publish","type":"post","link":"https:\/\/ainas.cyberhem.com\/index.php\/2014\/08\/16\/nu-ar-det-snart\/","title":{"rendered":"Nu \u00e4r det snart.."},"content":{"rendered":"<p>&#8230;val i Sverige och v\u00e5ra toppolitiker \u00e5ker runt och h\u00e5ller m\u00f6ten och f\u00f6rklarar hur fruktansv\u00e4rt f\u00f6rtr\u00e4ffligt det kommer att bli i Sverige om vi, v\u00e4ljare bara ger deras parti v\u00e5rt st\u00f6d och r\u00f6star p\u00e5 deras parti. S\u00e5 icke nuvarande statsminister Reinfeldt han f\u00f6rklarar att nu \u00e4r det viktigt att vi \u00f6ppnar v\u00e5ra hj\u00e4rtan och tar emot ett mycket stort antal nya flyktingar. Han \u00e4r medveten om att det kommer att kosta en otrolig massa pengar och att det inneb\u00e4r att det inte kommer att finnas n\u00e5got utrymme f\u00f6r n\u00e5gon form av f\u00f6rb\u00e4ttringar och reformer inom skola och offentliga sektorn i Sverige. Reinfeldt sl\u00e5r i sitt tal fast att Sverige \u00e4r och ska bli en <em><strong>humanit\u00e4r stormakt.<\/strong><\/em><\/p>\n<p>Samtidigt l\u00e4ser man om att migrationsverket betalar ut fantasisummor till olika f\u00f6retag som erbjuder flyktingbost\u00e4der, f\u00f6retag som g\u00f6r otroliga vinster men som inte skattar f\u00f6r en endaste krona i Sverige, utan stora delar av vinsten landar direkt i fickan p\u00e5 n\u00e5gon diffus person i n\u00e5got skatteparadis. \u00c4nnu mer skr\u00e4mmande blir det n\u00e4r personer som sitter eller har suttit som regeringens r\u00e5dgivare i dessa fr\u00e5gor hamnar i toppen av dessa suspekta f\u00f6retag.<\/p>\n<p>Jag tycker visst att man ska hj\u00e4lpa flyktingar som verkligen har behov av hj\u00e4lp. Men samtidigt \u00e4r det skr\u00e4mmande n\u00e4r man h\u00f6r och ser hur den sociala v\u00e4lf\u00e4rden f\u00f6rs\u00e4mras f\u00f6r de i Sverige som redan tidigare hade det knepigt att klara den lagstadgade standarden och som allvarligt funderar \u00f6ver om man kan anm\u00e4la sig som flykting i sitt eget land.<\/p>\n<p>\u00d6ppna v\u00e5ra hj\u00e4rtan s\u00e4ger Reinfeldt, visst men vem kommer vi att prioritera i en valsituation, en anh\u00f6rig eller n\u00e4ra v\u00e4n som har \u00e5ngest d\u00e4rf\u00f6r att de inte har r\u00e5d med den hj\u00e4lp som de egentligen beh\u00f6ver, och d\u00e4r n\u00e4ra anh\u00f6riga m\u00e5r d\u00e5ligt eftersom de inte kan ge den hj\u00e4lp som de skulle vilja p\u00e5 grund av att de f\u00f6r att klara familjens kostnader m\u00e5ste arbeta, och jag lovar att det i m\u00e5nga fall \u00e4r det inte fr\u00e5gan om n\u00e5gra extravaganta utgifter utan rent baskostnader som hyra, mat och kl\u00e4der, dessutom de kostnader som det inneb\u00e4r att ha ett arbete, s\u00e5som resor till och fr\u00e5n jobbet och i en barnfamilj f\u00e5r man troligen r\u00e4kna med vissa extra kostnader f\u00f6r barnens eventuella fritidsintressen. \u00a0Vad jag anser vore en gest som skulle ge lite tyngd i Reinfeldts tal vore om han och \u00f6vriga h\u00f6gavl\u00f6nade politiker \u00f6ppnade sina b\u00f6rsar och beslutade att \u00e5tminstone under en \u00f6versk\u00e5dlig tid, s\u00e4g ett \u00e5r, halkade ner p\u00e5 en normal l\u00f6ntagares budget och d\u00e5 kunde \u00f6verskottet g\u00e5 till flyktinghj\u00e4lpen.<\/p>\n<p>Jag \u00e4r definitivt inte rasistisk, nej jag tycker om m\u00e5ngfald, men kostnaderna f\u00f6r denna humanit\u00e4ra hj\u00e4lp skenar och varf\u00f6r en l\u00e4genhet som hyser en flyktingfamilj m\u00e5ste kosta 8-10 tusen mer \u00e4n vad normalhyran \u00e4r f\u00f6r denna l\u00e4genhet \u00e4r i mina \u00f6gon helt orimligt och oacceptabelt, s\u00e5 kontentan av mina funderingar \u00e4r, visst b\u00f6r vi ha r\u00e5d med viss humanit\u00e4r flyktinghj\u00e4lp <em><strong>men har vi r\u00e5d med politiker och deras r\u00e5dgivare.<\/strong><\/em><\/p>\n","protected":false},"excerpt":{"rendered":"<p>&#8230;val i Sverige och v\u00e5ra toppolitiker \u00e5ker runt och h\u00e5ller m\u00f6ten och f\u00f6rklarar hur fruktansv\u00e4rt f\u00f6rtr\u00e4ffligt det kommer att bli i Sverige om vi, v\u00e4ljare bara ger deras parti v\u00e5rt st\u00f6d och r\u00f6star p\u00e5 deras parti. S\u00e5 icke nuvarande statsminister Reinfeldt han f\u00f6rklarar att nu \u00e4r det viktigt att vi \u00f6ppnar v\u00e5ra hj\u00e4rtan och tar [&hellip;]<\/p>\n","protected":false},"author":1,"featured_media":0,"comment_status":"open","ping_status":"open","sticky":false,"template":"","format":"standard","meta":[],"categories":[1],"tags":[],"_links":{"self":[{"href":"https:\/\/ainas.cyberhem.com\/index.php\/wp-json\/wp\/v2\/posts\/2539"}],"collection":[{"href":"https:\/\/ainas.cyberhem.com\/index.php\/wp-json\/wp\/v2\/posts"}],"about":[{"href":"https:\/\/ainas.cyberhem.com\/index.php\/wp-json\/wp\/v2\/types\/post"}],"author":[{"embeddable":true,"href":"https:\/\/ainas.cyberhem.com\/index.php\/wp-json\/wp\/v2\/users\/1"}],"replies":[{"embeddable":true,"href":"https:\/\/ainas.cyberhem.com\/index.php\/wp-json\/wp\/v2\/comments?post=2539"}],"version-history":[{"count":2,"href":"https:\/\/ainas.cyberhem.com\/index.php\/wp-json\/wp\/v2\/posts\/2539\/revisions"}],"predecessor-version":[{"id":2541,"href":"https:\/\/ainas.cyberhem.com\/index.php\/wp-json\/wp\/v2\/posts\/2539\/revisions\/2541"}],"wp:attachment":[{"href":"https:\/\/ainas.cyberhem.com\/index.php\/wp-json\/wp\/v2\/media?parent=2539"}],"wp:term":[{"taxonomy":"category","embeddable":true,"href":"https:\/\/ainas.cyberhem.com\/index.php\/wp-json\/wp\/v2\/categories?post=2539"},{"taxonomy":"post_tag","embeddable":true,"href":"https:\/\/ainas.cyberhem.com\/index.php\/wp-json\/wp\/v2\/tags?post=2539"}],"curies":[{"name":"wp","href":"https:\/\/api.w.org\/{rel}","templated":true}]}}