{"id":2651,"date":"2015-10-14T09:56:04","date_gmt":"2015-10-14T08:56:04","guid":{"rendered":"http:\/\/ainas.cyberhem.com\/?p=2651"},"modified":"2015-10-14T11:47:58","modified_gmt":"2015-10-14T10:47:58","slug":"jag-lyssnade-pa","status":"publish","type":"post","link":"https:\/\/ainas.cyberhem.com\/index.php\/2015\/10\/14\/jag-lyssnade-pa\/","title":{"rendered":"Jag lyssnade p\u00e5.."},"content":{"rendered":"<p>&#8230;partileddebatten i helgen, d\u00e4r v\u00e5ra partiledare hade chansen att tala om hur de t\u00e4nker sig att ett fortsatt \u201dblomstrande\u201d Sverige skulle sk\u00f6tas. Naturligtvis var flyktingfr\u00e5gan en het potatis men ocks\u00e5 milj\u00f6n och jobben. Fick man n\u00e5gra konkreta svar p\u00e5 dessa fr\u00e5gor? Nja, inte jag i alla fall men i mitt fall blev facit ett antal fr\u00e5gor som st\u00e4lldes utan att f\u00e5 n\u00e5gra direkta svar, t.ex. jobbfr\u00e5gan, visst det skulle skapas ett antal tusen jobb som d\u00e5 skulle erbjudas b\u00e5de till flyktingar och till v\u00e5ra svenska arbetsl\u00f6sa i f\u00f6rsta hand ungdomar. Bra, men vad handlar det om f\u00f6r jobb och varf\u00f6r har inte det gjorts tidigare om det \u00e4r s\u00e5 enkelt att fixa nya jobb. Vad jag ocks\u00e5 kunde f\u00f6rst\u00e5 s\u00e5 handlar det om jobb till arbetsl\u00f6sa utan n\u00f6dv\u00e4ndig utbildning f\u00f6r mer kvalificerade arbeten,men att man f\u00f6r att underl\u00e4tta f\u00f6r de som f\u00e5r s\u00e5dana jobb kunde t\u00e4nka sig att de skulle vara skattebefriade under en period som antingen innebar att inkomsten fick uppg\u00e5 till 500000 kronor under en 5-\u00e5rsperiod eller tills arbetstagaren fyller 25 \u00e5r, ja ha , men sedan d\u00e5. Vad jag f\u00f6rst\u00e5r s\u00e5 har merparten av de som har dessa jobb fortfarande inte utbildning nog f\u00f6r mer kvalificerade jobb och arbetet som skapats just p\u00e5 grund av att arbetsgivaren f\u00e5r f\u00f6rh\u00e5llandevis billig arbetskraft troligen inte kommer att h\u00f6ja l\u00f6nen till sin anst\u00e4llde till normal niv\u00e5 eller f\u00f6rv\u00e4ntas arbetstagaren b\u00f6rja betala skatt p\u00e5 sin \u201dgarantil\u00f6n\u201d. Har jag fel n\u00e4r jag tror att dessa som har fyllt \u201dkvoten\u201d f\u00f6r garantin kommer hatt hittas bland de som \u00e4r arbetsl\u00f6sa och att det jobb de hade nu har f\u00e5tt en ny arbetstagare eller kanske inte jobbet l\u00e4ngre existerar eftersom det specifika jobbet endast var tillf\u00e4lligt eller tills arbetsgivaren f\u00e5tt ett eftersatt okvalificerat jobb gjort .<br \/>\nJag har ocks\u00e5 sv\u00e5rt att f\u00e5 in i min skalle att vi f\u00f6rb\u00e4ttrar milj\u00f6n globalt genom att l\u00e4gga ner milj\u00f6m\u00e4ssigt \u201drena\u201d kraftverk visserligen k\u00e4rnkraftverk, men med r\u00e4tt sk\u00f6tsel och rigor\u00f6s kontroll och underh\u00e5ll s\u00e5 m\u00e5ste de i alla fall vara b\u00e4ttre \u00e4n den \u201dskitiga\u201d el vi troligen blir tvungen att importera, eller \u00e4r det s\u00e5, att det jag inte ser och det jag kan blunda f\u00f6r det existerar inte och \u00e4r allts\u00e5 inte heller n\u00e5gon fara, tyv\u00e4rr verkar v\u00e5ra politiker kunna blunda f\u00f6r det mesta. Jag har sagt det tidigare och jag s\u00e4ger det igen, att h\u00f6ja skatten p\u00e5 bensin och diesel sl\u00e5r otroligt snett n\u00e4r man utan n\u00e5gon form av restrektion l\u00e5ter ett stort antal tradare fr\u00e5n \u00f6ststaterna trafikera v\u00e5ra v\u00e4gar, trots att alla med insikt i branschen vet att de bilarna \u00e4r riktiga milj\u00f6bovar dessutom \u00e4r det bara ett f\u00e5tal som tankar sina bilar h\u00e4r i Sverige, och tyv\u00e4rr s\u00e5 \u00e4r det \u00e4ven s\u00e5 att av de som m\u00e5ste g\u00f6ra det s\u00e5 \u00e4r det v\u00e4l inte heller alla som g\u00f6r det p\u00e5 ett lagligt s\u00e4tt. Inte heller uppfyller m\u00e5nga av dessa bilar kravet p\u00e5 trafiks\u00e4kerhet, tyv\u00e4rr inte alltid bilens f\u00f6rare heller men d\u00e4r hoppas jag att det blivit en klar f\u00f6rb\u00e4ttring under senare \u00e5r med kontrollen vid f\u00e4rjel\u00e4gren bl. a.<br \/>\nFlyktingfr\u00e5gan \u00e4r v\u00e4l i nul\u00e4ge den heta potatis som engagerar svenska folket mest\u2026.JA, naturligtvis ska vi hj\u00e4lpa och ta emot flyktingar som kommer fr\u00e5n krig och terroromr\u00e5den, men borde inte Sverige som \u00f6vriga l\u00e4nder vara mer kontrollerande p\u00e5 om det verkligen handlar om flyktingar fr\u00e5n dessa omr\u00e5den, bevisligen kommer det ett stort antal som kallar sig krigsflyktingar men som kommer fr\u00e5n av EU klassade l\u00e4nder som s\u00e4kra. Flyktingkostnaderna \u00e4r en stor kostnad men n\u00e4r man l\u00e4ser om vad ett asylboende tar ut f\u00f6r kostnader per boende flykting eller flyktingbarn, kan jag inte fatta att man som svensk ens har haft r\u00e5d att ha egna barn, \u00e4r verkligen flyktingbarnen eller flyktingfamiljerna van vid den standard som den kostnaden borde ge, eller g\u00e5r st\u00f6rre delen direkt ner i fickorna p\u00e5 \u201ddirekt\u00f6rerna\u201d? Jag skulle nog vilja besvara den fr\u00e5gan med ett definitivt \u2026\u2026JA!!!<br \/>\nVi har som Svenska v\u00e4ljare valt ett antal personer som vi f\u00f6rv\u00e4ntat oss ska leda Sverige vidare fram\u00e5t b\u00e5de vad det g\u00e4ller social v\u00e4lf\u00e4rd f\u00f6r \u00e4ldre och sjuka, en fungerande skola och en f\u00f6rb\u00e4ttrad arbetsstatistik med fler arbetsl\u00f6sa i jobb och att man i en tid av oro i v\u00e4rlden som i vissa delar inneb\u00e4r akut kris \u00e4ven f\u00f6r Sverige p\u00e5 bred front kan samarbeta f\u00f6r att n\u00e5 ett gemensamt m\u00e5l, n\u00e4r krisen \u00e4r \u00f6ver f\u00e5r de v\u00e4l \u00f6verg\u00e5 till sandl\u00e5destadiet igen\u2026.. men tyv\u00e4rr s\u00e5 verkar de trivas ypperligt p\u00e5 den niv\u00e5n<\/p>\n","protected":false},"excerpt":{"rendered":"<p>&#8230;partileddebatten i helgen, d\u00e4r v\u00e5ra partiledare hade chansen att tala om hur de t\u00e4nker sig att ett fortsatt \u201dblomstrande\u201d Sverige skulle sk\u00f6tas. Naturligtvis var flyktingfr\u00e5gan en het potatis men ocks\u00e5 milj\u00f6n och jobben. Fick man n\u00e5gra konkreta svar p\u00e5 dessa fr\u00e5gor? Nja, inte jag i alla fall men i mitt fall blev facit ett antal [&hellip;]<\/p>\n","protected":false},"author":1,"featured_media":0,"comment_status":"open","ping_status":"open","sticky":false,"template":"","format":"standard","meta":[],"categories":[1],"tags":[],"_links":{"self":[{"href":"https:\/\/ainas.cyberhem.com\/index.php\/wp-json\/wp\/v2\/posts\/2651"}],"collection":[{"href":"https:\/\/ainas.cyberhem.com\/index.php\/wp-json\/wp\/v2\/posts"}],"about":[{"href":"https:\/\/ainas.cyberhem.com\/index.php\/wp-json\/wp\/v2\/types\/post"}],"author":[{"embeddable":true,"href":"https:\/\/ainas.cyberhem.com\/index.php\/wp-json\/wp\/v2\/users\/1"}],"replies":[{"embeddable":true,"href":"https:\/\/ainas.cyberhem.com\/index.php\/wp-json\/wp\/v2\/comments?post=2651"}],"version-history":[{"count":3,"href":"https:\/\/ainas.cyberhem.com\/index.php\/wp-json\/wp\/v2\/posts\/2651\/revisions"}],"predecessor-version":[{"id":2654,"href":"https:\/\/ainas.cyberhem.com\/index.php\/wp-json\/wp\/v2\/posts\/2651\/revisions\/2654"}],"wp:attachment":[{"href":"https:\/\/ainas.cyberhem.com\/index.php\/wp-json\/wp\/v2\/media?parent=2651"}],"wp:term":[{"taxonomy":"category","embeddable":true,"href":"https:\/\/ainas.cyberhem.com\/index.php\/wp-json\/wp\/v2\/categories?post=2651"},{"taxonomy":"post_tag","embeddable":true,"href":"https:\/\/ainas.cyberhem.com\/index.php\/wp-json\/wp\/v2\/tags?post=2651"}],"curies":[{"name":"wp","href":"https:\/\/api.w.org\/{rel}","templated":true}]}}