{"id":2733,"date":"2016-09-25T09:26:49","date_gmt":"2016-09-25T08:26:49","guid":{"rendered":"http:\/\/ainas.cyberhem.com\/?p=2733"},"modified":"2016-09-25T09:27:28","modified_gmt":"2016-09-25T08:27:28","slug":"i-dag-3","status":"publish","type":"post","link":"https:\/\/ainas.cyberhem.com\/index.php\/2016\/09\/25\/i-dag-3\/","title":{"rendered":"I dag\u2026"},"content":{"rendered":"<p>&nbsp;<\/p>\n<p>\u2026.eller noga r\u00e4knat till natten, kommer min bror och sv\u00e4gerska hit f\u00f6r ett fjortondagars bes\u00f6k. S\u00e5 nu \u00e4r ordningen \u00e5terst\u00e4lld, Det blev lite oordning i rutinerna d\u00e5 bes\u00f6ket uteblev f\u00f6rra \u00e5ret. Visserligen blir bes\u00f6ket lite tidigare nu \u00e4n tidigare \u00e5r, men hur det egentligen \u00e4r med det beror v\u00e4l p\u00e5 hur man ser det, jag ser det som tidigare p\u00e5 \u00e5ret efter som mitt \u00e5r \u00e4r uppdelat i f\u00f6re och efter m\u00e5naderna i Sverige. Det inneb\u00e4r att egentligen har jag ny\u00e5r n\u00e5gon g\u00e5ng i augusti eller i alla fall innan vi \u00e5ker ner hit igen. I min skalle \u00e5ker jag fr\u00e5n en begynnande h\u00f6st till en varm och blommande period, allts\u00e5 mot sommaren. Visst har jag sedan i december b\u00e5de jul och ny\u00e5r h\u00e4r i Spanien och \u00e4ven n\u00e5gon form av vinter, men den \u00e4r kort och i regel med mer eller mindre sommarvarm dagar, \u00e4ven om n\u00e4tterna kan vara svala, eller i mitt tycke kalla, men vem bryr sig f\u00f6r d\u00e5 sover jag. Vintern \u00f6verg\u00e5r i en helt ok v\u00e5r efter ett par m\u00e5nader f\u00f6r att innan vi, i \u201dsakta mak\u201d b\u00f6rjar dra oss hem\u00f6ver mot Sverige i maj n\u00e5gon g\u00e5ng, det hunnit vara sommar under de sista m\u00e5naderna vi \u00e4r h\u00e4r. De ca 300 milen brukar ta ca 45-50 timmar, om vi inte g\u00f6r n\u00e5got l\u00e4ngre stopp, t. ex . i Moseldalen, innan vi \u00e4r hemma i Sverige till sensommaren, h\u00f6sten och ny\u00e5r.<\/p>\n<p>F\u00f6r att g\u00f6ra det hela enkelt s\u00e5 kan man dela upp mitt \u00e5r i f\u00f6ljande \u00e5rstidsperioder, de tre m\u00e5nader i Sverige, juni, juli, augusti kallar jag sensommar och h\u00f6st, d\u00e5 infaller som av en h\u00e4ndelse ocks\u00e5 ny\u00e5r, det \u00e4r det ny\u00e5ret som jag daterar h\u00e4ndelser efter, allts\u00e5 det som h\u00e4nde f\u00f6re detta ny\u00e5r \u00e4r f\u00f6rra \u00e5ret . September, oktober och november, d\u00e5 vi kommer hit till Spanien \u00e4r sommarm\u00e5nader, december \u00e4r vinter med advent, jul och ny\u00e5r, januari och delar av februari kan man v\u00e4l ocks\u00e5 kalla vinter om man k\u00e4nner f\u00f6r det, men d\u00e4refter kommer v\u00e5ren f\u00f6r att i mars \u00f6verg\u00e5 i f\u00f6rsommar och full sommar i april, maj innan vi \u00e5terv\u00e4nder till Sverige och, just det\u2026.sensommar, h\u00f6st och ny\u00e5r. Denna indelning passar mig perfekt, flera somrar, en kort mild, sn\u00f6fri vinter, en solig och varm och blomrik v\u00e5r och en i regel r\u00e4tt s\u00e5 angen\u00e4m sensommar och h\u00f6st<\/p>\n<p>S\u00e5 allts\u00e5 kommer min bror och sv\u00e4gerska i \u00e5r under det som i min tider\u00e4kning \u00e4r den f\u00f6rsta sommaren, normalt har de kommit under den senare sommaren eller i alla fall, det jag kallar f\u00f6rsommaren. Nu hoppas jag att vi kan njuta av sk\u00f6na bad i ett varmt medelhav, sk\u00f6na strandpromenader i solen och varma kv\u00e4llar, som vi har haft sen vi kom hit, d\u00e5 fleecejackan absolut inte har varit ett behov.<\/p>\n<p>&nbsp;<\/p>\n","protected":false},"excerpt":{"rendered":"<p>&nbsp; \u2026.eller noga r\u00e4knat till natten, kommer min bror och sv\u00e4gerska hit f\u00f6r ett fjortondagars bes\u00f6k. S\u00e5 nu \u00e4r ordningen \u00e5terst\u00e4lld, Det blev lite oordning i rutinerna d\u00e5 bes\u00f6ket uteblev f\u00f6rra \u00e5ret. Visserligen blir bes\u00f6ket lite tidigare nu \u00e4n tidigare \u00e5r, men hur det egentligen \u00e4r med det beror v\u00e4l p\u00e5 hur man ser det, [&hellip;]<\/p>\n","protected":false},"author":1,"featured_media":0,"comment_status":"open","ping_status":"open","sticky":false,"template":"","format":"standard","meta":[],"categories":[1],"tags":[],"_links":{"self":[{"href":"https:\/\/ainas.cyberhem.com\/index.php\/wp-json\/wp\/v2\/posts\/2733"}],"collection":[{"href":"https:\/\/ainas.cyberhem.com\/index.php\/wp-json\/wp\/v2\/posts"}],"about":[{"href":"https:\/\/ainas.cyberhem.com\/index.php\/wp-json\/wp\/v2\/types\/post"}],"author":[{"embeddable":true,"href":"https:\/\/ainas.cyberhem.com\/index.php\/wp-json\/wp\/v2\/users\/1"}],"replies":[{"embeddable":true,"href":"https:\/\/ainas.cyberhem.com\/index.php\/wp-json\/wp\/v2\/comments?post=2733"}],"version-history":[{"count":1,"href":"https:\/\/ainas.cyberhem.com\/index.php\/wp-json\/wp\/v2\/posts\/2733\/revisions"}],"predecessor-version":[{"id":2734,"href":"https:\/\/ainas.cyberhem.com\/index.php\/wp-json\/wp\/v2\/posts\/2733\/revisions\/2734"}],"wp:attachment":[{"href":"https:\/\/ainas.cyberhem.com\/index.php\/wp-json\/wp\/v2\/media?parent=2733"}],"wp:term":[{"taxonomy":"category","embeddable":true,"href":"https:\/\/ainas.cyberhem.com\/index.php\/wp-json\/wp\/v2\/categories?post=2733"},{"taxonomy":"post_tag","embeddable":true,"href":"https:\/\/ainas.cyberhem.com\/index.php\/wp-json\/wp\/v2\/tags?post=2733"}],"curies":[{"name":"wp","href":"https:\/\/api.w.org\/{rel}","templated":true}]}}