{"id":2824,"date":"2019-11-03T12:17:03","date_gmt":"2019-11-03T11:17:03","guid":{"rendered":"http:\/\/ainas.cyberhem.com\/?p=2824"},"modified":"2019-11-03T12:17:03","modified_gmt":"2019-11-03T11:17:03","slug":"du-gamla-du-fria-du-fjallhoga","status":"publish","type":"post","link":"https:\/\/ainas.cyberhem.com\/index.php\/2019\/11\/03\/du-gamla-du-fria-du-fjallhoga\/","title":{"rendered":"Du gamla du fria du fj\u00e4llh\u00f6ga   .."},"content":{"rendered":"\n<p><br><\/p>\n\n\n\n<p>&#8230;ja gammal och fj\u00e4llh\u00f6g \u00e4r vi fortfarande men fria&#8230;..nej, l\u00e5ngt ifr\u00e5n! Vi fj\u00e4ttras numera av skam och r\u00e4dsla som helt naturligt mynnar i mer eller mindre utbrett hat. Vem \u00e4r det d\u00e5 som f\u00e5r kl\u00e4 skott f\u00f6r v\u00e5rt \u201dhat\u201d, ja tyv\u00e4rr i f\u00f6rsta hand flyktingar och invandrare fr\u00e5n arabl\u00e4nder i Asien och Afrika. Varf\u00f6r har det d\u00e5 blivit p\u00e5 detta s\u00e4tt, ja s\u00e4g det men man kan nog skylla mycket p\u00e5 inkompetenta politiker utan erfarenhet av massinvandring av \u201dflyktingar\u201d och bristen p\u00e5 ett v\u00e4l organiserat mottagande, detta g\u00e4ller b\u00e5de d\u00e5varande Alliansregering, med Reinfeldt i spetsen som manade till att vi skulle \u201d\u00f6ppna v\u00e5ra hj\u00e4rtan\u201d och den sittande regeringen som stod och st\u00e5r lika handfallen.<\/p>\n\n\n\n<p>Skam, varf\u00f6r skam, ja skammen har i\n\u00e4rlighetens namn inget med flyktinginvandringen att g\u00f6ra, nej, det\n\u00e4r politikernas egen lilla uppfinning, naturligtvis med\nMilj\u00f6partiets lilla galjonsfigur som ledstj\u00e4rna, skam ska vi\nvanliga m\u00e4nniskor k\u00e4nna n\u00e4r vi nyttjar vissa  f\u00e4rdmedel, viss mat\neller visst materiel som vi vant oss med att ha tillg\u00e5ng till men\nsom nu straffbeskattas och det utan att ge oss n\u00e5gra realistiska\ners\u00e4ttningar ur ekonomiske synvinkel eller inte heller ur befintlig\ners\u00e4ttningsm\u00f6jlighet. \n<\/p>\n\n\n\n<p>R\u00e4dslan, vad \u00e4r vi r\u00e4dd f\u00f6r, ja\nmitt fall, och m\u00e5nga med mig, i f\u00f6rsta hand f\u00f6r den allt mer\nutbredda och v\u00e5ldsbejakande kriminaliteten, mord, spr\u00e4ngningar,\nskjutningar p\u00e5 allm\u00e4nna platser, grova r\u00e5n och inbrott av\norganiserade ligor. Har d\u00e5 detta med invandringen att g\u00f6ra, nja,\ndelvis men kanske inte s\u00e5 mycket bland de som kom som flyktingar\nfr\u00e5n krigszoner och terror men bevisligen kom det ocks\u00e5 ett icke\nringa antal som inte kom av den anledningen. Men eftersom det aldrig\nn\u00e4mns i media  om varifr\u00e5n de kriminella g\u00e4ngen kommer eller\nv\u00e5ldt\u00e4ktsm\u00e4nnens nationalitet s\u00e5 kommer det med automatik att\nl\u00e4ggas skulden p\u00e5 alla invandrare vilket i sin tur \u201dfriar\u201d de\nskyldiga som mycket v\u00e4l eller lika troligt \u00e4r \u201dvanliga\u201d \nsvenska m\u00e4n\/kvinnor eller kriminella g\u00e4ng.<\/p>\n\n\n\n<p>Hat, ja skam och r\u00e4dsla \u00e4r bra\ngrogrund f\u00f6r hat. Skammen f\u00e5r regeringen ta p\u00e5 sig att ha inf\u00f6rt\ngenom att skambel\u00e4gga allt som i sin tur ger m\u00f6jlighet till l\u00e4gga\nextra skatt p\u00e5. Skam borde L\u00f6fven k\u00e4nna f\u00f6r att han s\u00e5 gruvligt\nsvikit sina v\u00e4ljare och nedmonterat hela det Socialdemokratiska\npartiet till att bli ett \u201dlydparti\u201d i f\u00f6rsta hand till\nmilj\u00f6partiet men \u00e4ven centern. Skam, om hon har den f\u00f6rm\u00e5gan,\nborde liberalernas nye partiledare Nyamko Sabuni k\u00e4nna,\nefter hennes uttalande om att undersk\u00f6terskor borde ha en ing\u00e5ngsl\u00f6n\np\u00e5 ca.12.500\nkr i m\u00e5naden sj\u00e4lv har hon en l\u00f6n p\u00e5 ca 130,000 kr i m\u00e5naden\nplus den skattel\u00e4ttnad som centerns Annie L\u00f6\u00f6f hj\u00e4lpte henne med\ngenom att se till att L\u00f6fven godk\u00e4nde borttagandet av v\u00e4rnskatten.\nDet Sabuni handlar om SKAM!!! Nej hon borde nog h\u00e5lla sig till talen\nsom hennes sp\u00f6kskrivare skriver och inte f\u00f6rs\u00f6ka sig p\u00e5 n\u00e5gra\negna uttalande, \u00e5tminstone inte innan hon blir varm i kl\u00e4derna,\neller varf\u00f6r inte praktiserat som undersk\u00f6terska ett \u00e5r eller tv\u00e5,\nd\u00e5 kan hon kanske prata av erfarenhet och inte bara vara en\n\u201dbroileruppf\u00f6dd\u201d galjonsfigur f\u00f6r sitt parti.<\/p>\n\n\n\n<p>Nej\njag ger inte mycket f\u00f6r dagens ledande politiker som i de flesta\nfall helt saknar erfarenhet av vad praktiskt arbete inneb\u00e4r av slit,\nprioriteringar och kompromisser, politiker som alltid, redan i unga\n\u00e5r, hamnat inom partiramarna och som bara kan och f\u00f6rst\u00e5r den\njargong som g\u00e4ller d\u00e4r. Politiker som ertappas med \u201dhanden i\nsyltburken\u201d men som aldrig bestraffas utan i v\u00e4rsta fall utesluts,\noch som i m\u00e5nga fall sitter kvar som politisk vilde med full l\u00f6n\nutan n\u00e4rvaroplikt till n\u00e4sta val. D\u00e5 utvecklas den v\u00e4l tilltagna\nfallsk\u00e4rmen som alla politiker verkar ha kopplat till sitt s.k.\narbete och kanske har de ocks\u00e5 blivit \u00f6ver 50 \u00e5r och har r\u00e4tt\ntill pension. Samma kriminella handling skulle f\u00f6r en vanlig\nanst\u00e4lld inte bara ge omedelbar upps\u00e4gning utan fallsk\u00e4rm utan\n\u00e4ven polisanm\u00e4lan och eventuellt f\u00e4ngelsestraff<\/p>\n","protected":false},"excerpt":{"rendered":"<p>&#8230;ja gammal och fj\u00e4llh\u00f6g \u00e4r vi fortfarande men fria&#8230;..nej, l\u00e5ngt ifr\u00e5n! Vi fj\u00e4ttras numera av skam och r\u00e4dsla som helt naturligt mynnar i mer eller mindre utbrett hat. Vem \u00e4r det d\u00e5 som f\u00e5r kl\u00e4 skott f\u00f6r v\u00e5rt \u201dhat\u201d, ja tyv\u00e4rr i f\u00f6rsta hand flyktingar och invandrare fr\u00e5n arabl\u00e4nder i Asien och Afrika. Varf\u00f6r har [&hellip;]<\/p>\n","protected":false},"author":1,"featured_media":0,"comment_status":"open","ping_status":"open","sticky":false,"template":"","format":"standard","meta":[],"categories":[1],"tags":[],"_links":{"self":[{"href":"https:\/\/ainas.cyberhem.com\/index.php\/wp-json\/wp\/v2\/posts\/2824"}],"collection":[{"href":"https:\/\/ainas.cyberhem.com\/index.php\/wp-json\/wp\/v2\/posts"}],"about":[{"href":"https:\/\/ainas.cyberhem.com\/index.php\/wp-json\/wp\/v2\/types\/post"}],"author":[{"embeddable":true,"href":"https:\/\/ainas.cyberhem.com\/index.php\/wp-json\/wp\/v2\/users\/1"}],"replies":[{"embeddable":true,"href":"https:\/\/ainas.cyberhem.com\/index.php\/wp-json\/wp\/v2\/comments?post=2824"}],"version-history":[{"count":3,"href":"https:\/\/ainas.cyberhem.com\/index.php\/wp-json\/wp\/v2\/posts\/2824\/revisions"}],"predecessor-version":[{"id":2827,"href":"https:\/\/ainas.cyberhem.com\/index.php\/wp-json\/wp\/v2\/posts\/2824\/revisions\/2827"}],"wp:attachment":[{"href":"https:\/\/ainas.cyberhem.com\/index.php\/wp-json\/wp\/v2\/media?parent=2824"}],"wp:term":[{"taxonomy":"category","embeddable":true,"href":"https:\/\/ainas.cyberhem.com\/index.php\/wp-json\/wp\/v2\/categories?post=2824"},{"taxonomy":"post_tag","embeddable":true,"href":"https:\/\/ainas.cyberhem.com\/index.php\/wp-json\/wp\/v2\/tags?post=2824"}],"curies":[{"name":"wp","href":"https:\/\/api.w.org\/{rel}","templated":true}]}}