{"id":70,"date":"2010-11-25T10:32:21","date_gmt":"2010-11-25T09:32:21","guid":{"rendered":"http:\/\/ainas.cyberhem.com\/?p=70"},"modified":"2010-11-25T10:32:21","modified_gmt":"2010-11-25T09:32:21","slug":"sol-i-dag-kanske","status":"publish","type":"post","link":"https:\/\/ainas.cyberhem.com\/index.php\/2010\/11\/25\/sol-i-dag-kanske\/","title":{"rendered":"Sol i dag?&#8230;.Kanske."},"content":{"rendered":"<p>Ingen sn\u00f6 fr\u00e5n ovan idag, \u00e4n s\u00e5 l\u00e4nge, men massor p\u00e5 backen. I dag k\u00e4ns det som om det blir avf\u00e4rd i morgon enligt planeringen. Nu blir det f\u00f6rst en tur till stan f\u00f6r en del sista minuten \u00e4renden och sedan hem f\u00f6r att f\u00e5 in det sista i husbilen. Naturligtvis kommer det att vara en hel del som jag kommer ih\u00e5g i morgon ocks\u00e5 som bara m\u00e5ste med, s\u00e5 \u00e4r det alltid s\u00e5 f\u00f6rmodligen \u00e4r det inget undantag den h\u00e4r g\u00e5ngen. Det finns alltid en massa sm\u00e5grejer som kan vara bra att ha med, ut i fall att&#8230;&#8230; Att vi inte \u00e5ker till n\u00e5got u-land utan ett land med minst lika h\u00f6g standart som vi har h\u00e4r hemma och d\u00e4r det finns hur mycket sm\u00e5prylar som helst f\u00f6r\u00e4ndrar inte saken, man kan ju inte s\u00e5 noga veta, s\u00e5 allts\u00e5 med kommer prylarna som jag i och f\u00f6r sig inte har beh\u00f6vt h\u00e4r hemma heller vid s\u00e5 m\u00e5nga tillf\u00e4llen , om en alls. Och som jag sagt tidigare, skulle k\u00e4nnas underligt om jag inte visste med mig att det finns risk f\u00f6r \u00f6vervikt vid eventuell kontroll, det \u00e4r en vana och k\u00e4nsla som sitter djupt rotad i mig och som tror jag , f\u00f6rh\u00f6jer sp\u00e4nningen med resandet.<\/p>\n","protected":false},"excerpt":{"rendered":"<p>Ingen sn\u00f6 fr\u00e5n ovan idag, \u00e4n s\u00e5 l\u00e4nge, men massor p\u00e5 backen. I dag k\u00e4ns det som om det blir avf\u00e4rd i morgon enligt planeringen. Nu blir det f\u00f6rst en tur till stan f\u00f6r en del sista minuten \u00e4renden och sedan hem f\u00f6r att f\u00e5 in det sista i husbilen. Naturligtvis kommer det att vara [&hellip;]<\/p>\n","protected":false},"author":1,"featured_media":0,"comment_status":"open","ping_status":"open","sticky":false,"template":"","format":"standard","meta":[],"categories":[1],"tags":[],"_links":{"self":[{"href":"https:\/\/ainas.cyberhem.com\/index.php\/wp-json\/wp\/v2\/posts\/70"}],"collection":[{"href":"https:\/\/ainas.cyberhem.com\/index.php\/wp-json\/wp\/v2\/posts"}],"about":[{"href":"https:\/\/ainas.cyberhem.com\/index.php\/wp-json\/wp\/v2\/types\/post"}],"author":[{"embeddable":true,"href":"https:\/\/ainas.cyberhem.com\/index.php\/wp-json\/wp\/v2\/users\/1"}],"replies":[{"embeddable":true,"href":"https:\/\/ainas.cyberhem.com\/index.php\/wp-json\/wp\/v2\/comments?post=70"}],"version-history":[{"count":2,"href":"https:\/\/ainas.cyberhem.com\/index.php\/wp-json\/wp\/v2\/posts\/70\/revisions"}],"predecessor-version":[{"id":72,"href":"https:\/\/ainas.cyberhem.com\/index.php\/wp-json\/wp\/v2\/posts\/70\/revisions\/72"}],"wp:attachment":[{"href":"https:\/\/ainas.cyberhem.com\/index.php\/wp-json\/wp\/v2\/media?parent=70"}],"wp:term":[{"taxonomy":"category","embeddable":true,"href":"https:\/\/ainas.cyberhem.com\/index.php\/wp-json\/wp\/v2\/categories?post=70"},{"taxonomy":"post_tag","embeddable":true,"href":"https:\/\/ainas.cyberhem.com\/index.php\/wp-json\/wp\/v2\/tags?post=70"}],"curies":[{"name":"wp","href":"https:\/\/api.w.org\/{rel}","templated":true}]}}