{"id":722,"date":"2011-01-09T20:37:08","date_gmt":"2011-01-09T19:37:08","guid":{"rendered":"http:\/\/ainas.cyberhem.com\/?p=722"},"modified":"2011-01-09T23:15:47","modified_gmt":"2011-01-09T22:15:47","slug":"i-dag-blev-den-av","status":"publish","type":"post","link":"https:\/\/ainas.cyberhem.com\/index.php\/2011\/01\/09\/i-dag-blev-den-av\/","title":{"rendered":"I dag blev den av&#8230;.."},"content":{"rendered":"<p><img loading=\"lazy\" class=\"alignright size-full wp-image-723\" style=\"border: 1px solid black;\" title=\"Promenad uppe i bergen 9 jan 2011 AL 040\" src=\"https:\/\/ainas.cyberhem.com\/wp-content\/uploads\/2011\/01\/Promenad-uppe-i-bergen-9-jan-2011-AL-040.jpg\" alt=\"\" width=\"250\" height=\"188\" srcset=\"https:\/\/ainas.cyberhem.com\/wp-content\/uploads\/2011\/01\/Promenad-uppe-i-bergen-9-jan-2011-AL-040.jpg 250w, https:\/\/ainas.cyberhem.com\/wp-content\/uploads\/2011\/01\/Promenad-uppe-i-bergen-9-jan-2011-AL-040-150x112.jpg 150w\" sizes=\"(max-width: 250px) 100vw, 250px\" \/><\/p>\n<p>&#8230;.den l\u00e4ngre promenaden, vi t\u00e4nkte oss in till centrala Peniscola f\u00f6r att kolla om det finns n\u00e5gon aff\u00e4r som s\u00e4ljer cd-skivor s\u00e5 vi kan br\u00e4nna in en del kort. Rune har som jag sagt problem med sin dator som t\u00f6mmer allt n\u00e4r han st\u00e4nger den, det g\u00f6r att\u00a0han inte kan t\u00f6mma kameran p\u00e5 kort men ocks\u00e5 att alla korten laddas in varje g\u00e5ng han tar nya och laddar \u00f6ver dom till datorn. Det b\u00f6rjar vid det h\u00e4r laget vara en ansenlig m\u00e4ngd kort som \u00e5ker in och ut ur datorn. N\u00e5gon s\u00e5dan aff\u00e4r hittade vi inte men av n\u00e5gon konstig anledning hamnade vi kl\u00e4ttrande uppf\u00f6r\u00a0berget. Nu var det v\u00e4l inte riktigt s\u00e5\u00a0det handlade om bergsbestigning utan vi h\u00f6ll oss till gator\u00a0men nog s\u00e5 branta s\u00e5dana som slingrade sig uppf\u00f6r berget. Jag skulle nog vilja kalla den sidan av berget f\u00f6r gr\u00e4ddhyllan utifr\u00e5n de lyxvillor som finns d\u00e4r.\u00a0F\u00f6rutom dessa lyxvillor s\u00e5 tycker jag nog att de som bor d\u00e4r borde betala extra f\u00f6r utsikten och att de troligen aldrig <img loading=\"lazy\" class=\"alignright size-full wp-image-724\" style=\"border: 1px solid black;\" title=\"Promenad uppe i bergen 9 jan 2011 AL 041\" src=\"https:\/\/ainas.cyberhem.com\/wp-content\/uploads\/2011\/01\/Promenad-uppe-i-bergen-9-jan-2011-AL-041.jpg\" alt=\"\" width=\"250\" height=\"188\" srcset=\"https:\/\/ainas.cyberhem.com\/wp-content\/uploads\/2011\/01\/Promenad-uppe-i-bergen-9-jan-2011-AL-041.jpg 250w, https:\/\/ainas.cyberhem.com\/wp-content\/uploads\/2011\/01\/Promenad-uppe-i-bergen-9-jan-2011-AL-041-150x112.jpg 150w\" sizes=\"(max-width: 250px) 100vw, 250px\" \/>beh\u00f6ver fundera \u00f6ver isiga v\u00e4gbanor som g\u00f6r det problematiskt att ta sig upp.\u00a0Efter att vi skuttat runt som stengetter, dreglat \u00f6ver lyxvillor och utsikt tog vi oss ner till v\u00e5r normala statusniv\u00e5 och tillbaks till campingen och husbilen.\u00a0 I solen utanf\u00f6r bilen ins\u00e5g vi att egentligen \u00e4r vi r\u00e4tt n\u00f6jd som det \u00e4r f\u00f6r vem vill ha ansvar f\u00f6r och kostnaderna f\u00f6r en lyxvilla n\u00e4r man njuter fullt ut lika mycket sittande i solen utanf\u00f6r en r\u00e4tt ordin\u00e4r husbil.<\/p>\n<p>Kan ocks\u00e5 med gl\u00e4dje ber\u00e4tta att nu har \u00e4ven\u00a0mamma och grabben som blev intagen p\u00e5 sjukhus efter feber och kramper kommit hit till campingen och killen \u00e4r helt ok som det ser ut och h\u00f6rs, \u00a0men som jag sagt tidigare s\u00e5 \u00e4r det inte enfamilj som man stoppar in i ett normalt Svenssonfack men tro inte f\u00f6r den skull att de <img loading=\"lazy\" class=\"alignright size-full wp-image-726\" style=\"border: 1px solid black;\" title=\"Promenad uppe i bergen 9 jan 2011 AL 034\" src=\"https:\/\/ainas.cyberhem.com\/wp-content\/uploads\/2011\/01\/Promenad-uppe-i-bergen-9-jan-2011-AL-0341.jpg\" alt=\"\" width=\"250\" height=\"188\" srcset=\"https:\/\/ainas.cyberhem.com\/wp-content\/uploads\/2011\/01\/Promenad-uppe-i-bergen-9-jan-2011-AL-0341.jpg 250w, https:\/\/ainas.cyberhem.com\/wp-content\/uploads\/2011\/01\/Promenad-uppe-i-bergen-9-jan-2011-AL-0341-150x112.jpg 150w\" sizes=\"(max-width: 250px) 100vw, 250px\" \/>inte \u00e4r ansvarsfulla och normalt oroliga f\u00f6r\u00e4ldra n\u00e4r det g\u00e4ller barnen. F\u00f6r att jag aldrig skulle komma p\u00e5 tanken att g\u00f6ra en s\u00e5 pass \u00e4ventyrlig och mindre bekv\u00e4m resa inneb\u00e4r ju inte att det \u00e4r fel vad de g\u00f6r, snarare \u00e4r det v\u00e4l att betrakta mig som r\u00e4dd f\u00f6r att g\u00e5 utanf\u00f6r vardagens\u00a0inrutningar och bekv\u00e4mligheter. T ex har jag v\u00e4l aldrig i min vildaste fantasi t\u00e4nkt tanken att inta lunch p\u00e5 biltaket, nu har jag ju aldrig haft den typen av bil som de har, men \u00e4ven om varit\u00a0s\u00e5 \u00e4r det v\u00e4l tveksamt. Nej sj\u00e4lv intog Rune och jag lunchen prydligt sittande vid bordet och kaffet d\u00e4refter utomhus i solstolen.\u00a0Men tack ungdomar f\u00f6r\u00a0att ni l\u00e5ter oss se andra m\u00f6jligheter f\u00f6r resandet \u00e4ven om jag\u00a0nog inte skulle vilja byta med er troligen inte heller v\u00e5ga eller klara av det.<\/p>\n<p><img loading=\"lazy\" class=\"size-full wp-image-728 alignnone\" style=\"border: 1px solid black;\" title=\"Promenad i bergen 9 jan 2011 RB 056\" src=\"https:\/\/ainas.cyberhem.com\/wp-content\/uploads\/2011\/01\/Promenad-i-bergen-9-jan-2011-RB-0561.jpg\" alt=\"\" width=\"250\" height=\"188\" srcset=\"https:\/\/ainas.cyberhem.com\/wp-content\/uploads\/2011\/01\/Promenad-i-bergen-9-jan-2011-RB-0561.jpg 250w, https:\/\/ainas.cyberhem.com\/wp-content\/uploads\/2011\/01\/Promenad-i-bergen-9-jan-2011-RB-0561-150x112.jpg 150w\" sizes=\"(max-width: 250px) 100vw, 250px\" \/> <img loading=\"lazy\" class=\"size-full wp-image-729 alignnone\" style=\"border: 1px solid black;\" title=\"Promenad i bergen 9 jan 2011 RB 052\" src=\"https:\/\/ainas.cyberhem.com\/wp-content\/uploads\/2011\/01\/Promenad-i-bergen-9-jan-2011-RB-052.jpg\" alt=\"\" width=\"250\" height=\"188\" srcset=\"https:\/\/ainas.cyberhem.com\/wp-content\/uploads\/2011\/01\/Promenad-i-bergen-9-jan-2011-RB-052.jpg 250w, https:\/\/ainas.cyberhem.com\/wp-content\/uploads\/2011\/01\/Promenad-i-bergen-9-jan-2011-RB-052-150x112.jpg 150w\" sizes=\"(max-width: 250px) 100vw, 250px\" \/><\/p>\n","protected":false},"excerpt":{"rendered":"<p>&#8230;.den l\u00e4ngre promenaden, vi t\u00e4nkte oss in till centrala Peniscola f\u00f6r att kolla om det finns n\u00e5gon aff\u00e4r som s\u00e4ljer cd-skivor s\u00e5 vi kan br\u00e4nna in en del kort. Rune har som jag sagt problem med sin dator som t\u00f6mmer allt n\u00e4r han st\u00e4nger den, det g\u00f6r att\u00a0han inte kan t\u00f6mma kameran p\u00e5 kort men [&hellip;]<\/p>\n","protected":false},"author":1,"featured_media":0,"comment_status":"open","ping_status":"open","sticky":false,"template":"","format":"standard","meta":[],"categories":[1],"tags":[],"_links":{"self":[{"href":"https:\/\/ainas.cyberhem.com\/index.php\/wp-json\/wp\/v2\/posts\/722"}],"collection":[{"href":"https:\/\/ainas.cyberhem.com\/index.php\/wp-json\/wp\/v2\/posts"}],"about":[{"href":"https:\/\/ainas.cyberhem.com\/index.php\/wp-json\/wp\/v2\/types\/post"}],"author":[{"embeddable":true,"href":"https:\/\/ainas.cyberhem.com\/index.php\/wp-json\/wp\/v2\/users\/1"}],"replies":[{"embeddable":true,"href":"https:\/\/ainas.cyberhem.com\/index.php\/wp-json\/wp\/v2\/comments?post=722"}],"version-history":[{"count":6,"href":"https:\/\/ainas.cyberhem.com\/index.php\/wp-json\/wp\/v2\/posts\/722\/revisions"}],"predecessor-version":[{"id":734,"href":"https:\/\/ainas.cyberhem.com\/index.php\/wp-json\/wp\/v2\/posts\/722\/revisions\/734"}],"wp:attachment":[{"href":"https:\/\/ainas.cyberhem.com\/index.php\/wp-json\/wp\/v2\/media?parent=722"}],"wp:term":[{"taxonomy":"category","embeddable":true,"href":"https:\/\/ainas.cyberhem.com\/index.php\/wp-json\/wp\/v2\/categories?post=722"},{"taxonomy":"post_tag","embeddable":true,"href":"https:\/\/ainas.cyberhem.com\/index.php\/wp-json\/wp\/v2\/tags?post=722"}],"curies":[{"name":"wp","href":"https:\/\/api.w.org\/{rel}","templated":true}]}}